{"id":6717,"date":"2015-12-10T19:13:04","date_gmt":"2015-12-11T00:13:04","guid":{"rendered":"http:\/\/www.perupesquero.org\/?p=6717"},"modified":"2015-12-10T19:13:04","modified_gmt":"2015-12-11T00:13:04","slug":"la-pesca-de-anchoveta-ya-va-en-un-50-de-la-cuota-global","status":"publish","type":"post","link":"https:\/\/www.perupesquero.org\/web\/la-pesca-de-anchoveta-ya-va-en-un-50-de-la-cuota-global\/","title":{"rendered":"La pesca de Anchoveta ya va en un 50% de la cuota global"},"content":{"rendered":"<p style=\"text-align: justify;\"><em>Con la informaci\u00f3n de : Eltiempo.pe<\/em><\/p>\n<p style=\"text-align: justify;\">El Representante de la Asociaci\u00f3n Nacional de Armadores Pesqueros (ANAP), Crist\u00f3bal Sandoval, inform\u00f3 que la pesca en la segunda temporada de Anchoveta ya se acerca a las 500 mil toneladas de la cuota global otorgada por el Ministerio de la Producci\u00f3n (Produce). Es decir, un 50% en 20 d\u00edas.<\/p>\n<p style=\"text-align: justify;\">Sostuvo que en estas faenas se est\u00e1 extrayendo diariamente unas 30 mil toneladas por embarcaci\u00f3n.<\/p>\n<p style=\"text-align: justify;\">Confirm\u00f3, asimismo, que hay una zona vedada por la presencia en alto porcentaje de tallas juveniles [menores de 12 cent\u00edmetros]. Es en la zona Malabrigo (La Libertad), desde hoy a las 0 horas durante cinco d\u00edas.<\/p>\n<p style=\"text-align: justify;\">La suspensi\u00f3n ser\u00e1 de aplicaci\u00f3n para las embarcaciones pesqueras artesanales, de menor y mayor escala entre los 07\u00b0 30\u2019 a 07\u00b0 59\u2019 Latitud Sur, frente a Malabrigo, de las 20 a 30 millas marinas de distancia a la costa.<\/p>\n<p style=\"text-align: justify;\">Imarpe advirti\u00f3 que la incidencia de ejemplares juveniles de Anchoveta alcanz\u00f3 el 58% en esta zona.<\/p>\n<p style=\"text-align: justify;\"><strong>Oceana se pronuncia<\/strong><\/p>\n<p style=\"text-align: justify;\">El Director de Pesquer\u00eda de la ONG Oceana, Juan Carlos Suerio, explic\u00f3 que este porcentaje de pesca de Anchoveta se debe a tres factores muy ligados al actual Fen\u00f3meno El Ni\u00f1o (FEN).<\/p>\n<p style=\"text-align: justify;\"><em>\u201cCon las 30 toneladas diarias [en promedio], las vedas constantes que se est\u00e1n haciendo por la presencia de tallas juveniles y el desove del recurso hacen lenta la pesca, cuando en un inicio se dijo que en tres semanas se captar\u00eda la cuota global\u201d,<\/em> explic\u00f3.<\/p>\n","protected":false},"excerpt":{"rendered":"<p>Con la informaci\u00f3n de : Eltiempo.pe El Representante de la Asociaci\u00f3n Nacional de Armadores Pesqueros (ANAP), Crist\u00f3bal Sandoval, inform\u00f3 que la pesca en la segunda temporada de Anchoveta ya se acerca a las 500 mil toneladas de la cuota global otorgada por el Ministerio de la Producci\u00f3n (Produce). Es decir, un 50% en 20 d\u00edas. [&hellip;]<\/p>\n","protected":false},"author":2,"featured_media":6718,"comment_status":"open","ping_status":"open","sticky":false,"template":"","format":"standard","meta":{"footnotes":""},"categories":[78,63,67,72],"tags":[195,1512],"class_list":["post-6717","post","type-post","status-publish","format-standard","has-post-thumbnail","hentry","category-nacionales","category-noticias","category-pesqueria","category-regionales","tag-anchoveta","tag-produce"],"_links":{"self":[{"href":"https:\/\/www.perupesquero.org\/web\/wp-json\/wp\/v2\/posts\/6717","targetHints":{"allow":["GET"]}}],"collection":[{"href":"https:\/\/www.perupesquero.org\/web\/wp-json\/wp\/v2\/posts"}],"about":[{"href":"https:\/\/www.perupesquero.org\/web\/wp-json\/wp\/v2\/types\/post"}],"author":[{"embeddable":true,"href":"https:\/\/www.perupesquero.org\/web\/wp-json\/wp\/v2\/users\/2"}],"replies":[{"embeddable":true,"href":"https:\/\/www.perupesquero.org\/web\/wp-json\/wp\/v2\/comments?post=6717"}],"version-history":[{"count":0,"href":"https:\/\/www.perupesquero.org\/web\/wp-json\/wp\/v2\/posts\/6717\/revisions"}],"wp:featuredmedia":[{"embeddable":true,"href":"https:\/\/www.perupesquero.org\/web\/wp-json\/wp\/v2\/media\/6718"}],"wp:attachment":[{"href":"https:\/\/www.perupesquero.org\/web\/wp-json\/wp\/v2\/media?parent=6717"}],"wp:term":[{"taxonomy":"category","embeddable":true,"href":"https:\/\/www.perupesquero.org\/web\/wp-json\/wp\/v2\/categories?post=6717"},{"taxonomy":"post_tag","embeddable":true,"href":"https:\/\/www.perupesquero.org\/web\/wp-json\/wp\/v2\/tags?post=6717"}],"curies":[{"name":"wp","href":"https:\/\/api.w.org\/{rel}","templated":true}]}}