{"id":6702,"date":"2015-12-09T18:56:54","date_gmt":"2015-12-09T23:56:54","guid":{"rendered":"http:\/\/www.perupesquero.org\/?p=6702"},"modified":"2015-12-09T18:56:54","modified_gmt":"2015-12-09T23:56:54","slug":"chile-entregan-antecedentes-sobre-actividades-acuicolas-y-pesqueras-en-zona-donde-se-hallaron-ballenas-varadas","status":"publish","type":"post","link":"https:\/\/www.perupesquero.org\/web\/chile-entregan-antecedentes-sobre-actividades-acuicolas-y-pesqueras-en-zona-donde-se-hallaron-ballenas-varadas\/","title":{"rendered":"CHILE &#8211; Entregan antecedentes sobre actividades acu\u00edcolas y pesqueras en zona donde se hallaron ballenas varadas"},"content":{"rendered":"<p style=\"text-align: justify;\"><em>Con la informaci\u00f3n: Aqua.cl<\/em><\/p>\n<p style=\"text-align: justify;\">Tras el hallazgo de 337 ballenas varadas en el golfo de Corcovado, el Director del Servicio Nacional de Pesca y Acuicultura (Sernapesca) en la Regi\u00f3n de Ays\u00e9n, Cristi\u00e1n Hudson, se refiri\u00f3 a los aportes que la entidad p\u00fablica ha realizado a la investigaci\u00f3n que mantiene el Ministerio P\u00fablico.<\/p>\n<p style=\"text-align: justify;\"><em>\u201cNo han llegado nuevos antecedentes respecto del varamiento de las ballenas en el sector del golfo de Corcovado. Los antecedentes los mantiene la Brigada de Delitos Medioambientales (Bidema) de la PDI, por instrucci\u00f3n de la fiscal\u00eda de Puerto Ays\u00e9n\u201d,<\/em> explic\u00f3 la autoridad.<\/p>\n<p style=\"text-align: justify;\">De igual manera, respecto de los aportes que el servicio ha desarrollado, Hudson asegur\u00f3 que han entregado a la investigaci\u00f3n <em>\u201calgunos antecedentes que nos ha requerido la fiscal\u00eda, relacionado con las actividades que en ese sector desarrollan la industria pesquera, los pescadores artesanales y el sector acu\u00edcola\u201d,<\/em> puntualiz\u00f3.<\/p>\n<p style=\"text-align: justify;\"><strong>Retardo en la entrega de antecedentes<\/strong><\/p>\n<p style=\"text-align: justify;\">El Director del Sernapesca hizo hincapi\u00e9 en que la denuncia que el servicio realiz\u00f3 ante la fiscal\u00eda en el mes de noviembre, fue generada de inmediato apenas recibieron los antecedentes aportados por un grupo de cient\u00edficos, quienes realizaron el hallazgo en junio de este a\u00f1o.<\/p>\n<p style=\"text-align: justify;\"><em>\u201cEs importante indicar que los antecedentes que se recibieron y que permiti\u00f3 iniciar esta investigaci\u00f3n corresponde a un hallazgo de hace ya bastantes meses, del mes de junio\u201d,<\/em> confirm\u00f3 el Director.<\/p>\n<p style=\"text-align: justify;\">En este sentido, el fiscal que lidera la investigaci\u00f3n, Pedro Poblete Viejo, precis\u00f3 que la ley no estipula sanciones o multas por no denunciar inmediatamente <em>\u201cla obligaci\u00f3n de denunciar respecto de personas identificadas por la ley, directores de escuela, de servicios p\u00fablicos, entre otros, no para privados\u201d.<\/em><\/p>\n<p style=\"text-align: justify;\">Asimismo, explic\u00f3 que en caso de ser preponderante en el resultado de la investigaci\u00f3n el retraso en la entrega del hallazgo, esto s\u00ed podr\u00eda permitir desarrollar una investigaci\u00f3n para establecer eventuales responsabilidades.<\/p>\n","protected":false},"excerpt":{"rendered":"<p>Con la informaci\u00f3n: Aqua.cl Tras el hallazgo de 337 ballenas varadas en el golfo de Corcovado, el Director del Servicio Nacional de Pesca y Acuicultura (Sernapesca) en la Regi\u00f3n de Ays\u00e9n, Cristi\u00e1n Hudson, se refiri\u00f3 a los aportes que la entidad p\u00fablica ha realizado a la investigaci\u00f3n que mantiene el Ministerio P\u00fablico. \u201cNo han llegado [&hellip;]<\/p>\n","protected":false},"author":2,"featured_media":6703,"comment_status":"open","ping_status":"open","sticky":false,"template":"","format":"standard","meta":{"footnotes":""},"categories":[77,63],"tags":[],"class_list":["post-6702","post","type-post","status-publish","format-standard","has-post-thumbnail","hentry","category-internacionales","category-noticias"],"_links":{"self":[{"href":"https:\/\/www.perupesquero.org\/web\/wp-json\/wp\/v2\/posts\/6702","targetHints":{"allow":["GET"]}}],"collection":[{"href":"https:\/\/www.perupesquero.org\/web\/wp-json\/wp\/v2\/posts"}],"about":[{"href":"https:\/\/www.perupesquero.org\/web\/wp-json\/wp\/v2\/types\/post"}],"author":[{"embeddable":true,"href":"https:\/\/www.perupesquero.org\/web\/wp-json\/wp\/v2\/users\/2"}],"replies":[{"embeddable":true,"href":"https:\/\/www.perupesquero.org\/web\/wp-json\/wp\/v2\/comments?post=6702"}],"version-history":[{"count":0,"href":"https:\/\/www.perupesquero.org\/web\/wp-json\/wp\/v2\/posts\/6702\/revisions"}],"wp:featuredmedia":[{"embeddable":true,"href":"https:\/\/www.perupesquero.org\/web\/wp-json\/wp\/v2\/media\/6703"}],"wp:attachment":[{"href":"https:\/\/www.perupesquero.org\/web\/wp-json\/wp\/v2\/media?parent=6702"}],"wp:term":[{"taxonomy":"category","embeddable":true,"href":"https:\/\/www.perupesquero.org\/web\/wp-json\/wp\/v2\/categories?post=6702"},{"taxonomy":"post_tag","embeddable":true,"href":"https:\/\/www.perupesquero.org\/web\/wp-json\/wp\/v2\/tags?post=6702"}],"curies":[{"name":"wp","href":"https:\/\/api.w.org\/{rel}","templated":true}]}}