{"id":5715,"date":"2015-09-04T09:37:05","date_gmt":"2015-09-04T14:37:05","guid":{"rendered":"http:\/\/www.perupesquero.org\/?p=5715"},"modified":"2015-09-04T09:37:05","modified_gmt":"2015-09-04T14:37:05","slug":"coordinan-planes-de-evacuacion-en-ancash-ante-la-llegada-de-el-nino","status":"publish","type":"post","link":"https:\/\/www.perupesquero.org\/web\/coordinan-planes-de-evacuacion-en-ancash-ante-la-llegada-de-el-nino\/","title":{"rendered":"Coordinan planes de evacuaci\u00f3n en \u00c1ncash ante la llegada de El Ni\u00f1o"},"content":{"rendered":"<p style=\"text-align: justify;\"><em>Con la informaci\u00f3n de: Andina.com.pe<\/em><\/p>\n<p style=\"text-align: justify;\">Representantes de la Autoridad Nacional del Agua (ANA) coordinan acciones conjuntas con el Instituto Nacional de Defensa Civil (Indeci) en la Regi\u00f3n \u00c1ncash, para la implementaci\u00f3n de los Planes de Evacuaci\u00f3n a nivel de gobiernos locales, ante la llegada del Fen\u00f3meno del Ni\u00f1o 2015 \u2013 2016.<\/p>\n<p style=\"text-align: justify;\">Estos planes formar\u00e1n parte de las acciones de preventivas que realiza el sector Agricultura en el marco de sus competencias.<\/p>\n<p style=\"text-align: justify;\">La reuni\u00f3n promovida por la Autoridad Administrativa del Agua IV Huarmey\u2013Chicama, se realiz\u00f3 en la Ciudad de Huaraz y cont\u00f3 con la presencia del Subdirector de Estudios y Proyectos Hidr\u00e1ulicos Multisectoriales, los administradores locales de agua de Huaraz, Casma-Huarmey, Santa-Lacramarca-Nepe\u00f1a, Huari y Pomabamba.<\/p>\n<p style=\"text-align: justify;\">Tambi\u00e9n, del equipo t\u00e9cnico de Indeci \u00c1ncash, el Coordinador regional del Ministerio de Agricultura y un Representante de la Direcci\u00f3n Regional Agraria de \u00c1ncash.<\/p>\n<p style=\"text-align: justify;\">Por parte del Indeci, el Director regional, Germ\u00e1n Velasco Vallejos expuso los alcances del instructivo para la implementaci\u00f3n de los Planes de Evacuaci\u00f3n, el mapa comunitario de riesgo, la distribuci\u00f3n de los albergues temporales, zonas de acopio, la se\u00f1al\u00e9tica de emergencia, entre otros, que permitir\u00e1 evacuar a las poblaciones ubicadas en zonas vulnerables ante un eventual escenario de emergencia ocasionado por el Fen\u00f3meno de El Ni\u00f1o y\/o las lluvias intensas.<\/p>\n<p style=\"text-align: justify;\">Del mismo modo, la ANA present\u00f3 informaci\u00f3n sobre los avances del Plan de Prevenci\u00f3n del Minagri en el departamento de \u00c1ncash, que contemplan la ejecuci\u00f3n de 11 actividades preventivas en los r\u00edos Santa, Lacramarca, Nepe\u00f1a y Casma.<\/p>\n<p style=\"text-align: justify;\">Por otro lado, la identificaci\u00f3n de la poblaci\u00f3n vulnerable que se encuentra asentada en quebradas secas, en fajas marginales, riberas y cauces, estimada en 6,971 habitantes distribuidos en 29 localidades ancashinas.<\/p>\n<p style=\"text-align: justify;\">De esta manera, ambas instituciones han previsto reuniones conjuntas con los municipios de la jurisdicci\u00f3n desde el 7 hasta el 17 de setiembre, para conocer el trabajo que se realiza a nivel local y\/o exhortarlos a cumplir sus competencias referidas al Plan de evacuaci\u00f3n y Mapa Comunitario de Riesgo.<\/p>\n","protected":false},"excerpt":{"rendered":"<p>Con la informaci\u00f3n de: Andina.com.pe Representantes de la Autoridad Nacional del Agua (ANA) coordinan acciones conjuntas con el Instituto Nacional de Defensa Civil (Indeci) en la Regi\u00f3n \u00c1ncash, para la implementaci\u00f3n de los Planes de Evacuaci\u00f3n a nivel de gobiernos locales, ante la llegada del Fen\u00f3meno del Ni\u00f1o 2015 \u2013 2016. Estos planes formar\u00e1n parte [&hellip;]<\/p>\n","protected":false},"author":2,"featured_media":5716,"comment_status":"open","ping_status":"open","sticky":false,"template":"","format":"standard","meta":{"footnotes":""},"categories":[78,63,67],"tags":[190,192,805],"class_list":["post-5715","post","type-post","status-publish","format-standard","has-post-thumbnail","hentry","category-nacionales","category-noticias","category-pesqueria","tag-ana","tag-ancash","tag-fenomeno-el-nino"],"_links":{"self":[{"href":"https:\/\/www.perupesquero.org\/web\/wp-json\/wp\/v2\/posts\/5715","targetHints":{"allow":["GET"]}}],"collection":[{"href":"https:\/\/www.perupesquero.org\/web\/wp-json\/wp\/v2\/posts"}],"about":[{"href":"https:\/\/www.perupesquero.org\/web\/wp-json\/wp\/v2\/types\/post"}],"author":[{"embeddable":true,"href":"https:\/\/www.perupesquero.org\/web\/wp-json\/wp\/v2\/users\/2"}],"replies":[{"embeddable":true,"href":"https:\/\/www.perupesquero.org\/web\/wp-json\/wp\/v2\/comments?post=5715"}],"version-history":[{"count":0,"href":"https:\/\/www.perupesquero.org\/web\/wp-json\/wp\/v2\/posts\/5715\/revisions"}],"wp:featuredmedia":[{"embeddable":true,"href":"https:\/\/www.perupesquero.org\/web\/wp-json\/wp\/v2\/media\/5716"}],"wp:attachment":[{"href":"https:\/\/www.perupesquero.org\/web\/wp-json\/wp\/v2\/media?parent=5715"}],"wp:term":[{"taxonomy":"category","embeddable":true,"href":"https:\/\/www.perupesquero.org\/web\/wp-json\/wp\/v2\/categories?post=5715"},{"taxonomy":"post_tag","embeddable":true,"href":"https:\/\/www.perupesquero.org\/web\/wp-json\/wp\/v2\/tags?post=5715"}],"curies":[{"name":"wp","href":"https:\/\/api.w.org\/{rel}","templated":true}]}}