{"id":5712,"date":"2015-09-04T09:28:34","date_gmt":"2015-09-04T14:28:34","guid":{"rendered":"http:\/\/www.perupesquero.org\/?p=5712"},"modified":"2015-09-04T09:28:34","modified_gmt":"2015-09-04T14:28:34","slug":"pew-lamenta-la-falta-de-accion-para-proteger-al-atun-rojo-del-pacifico","status":"publish","type":"post","link":"https:\/\/www.perupesquero.org\/web\/pew-lamenta-la-falta-de-accion-para-proteger-al-atun-rojo-del-pacifico\/","title":{"rendered":"Pew lamenta la falta de acci\u00f3n para proteger al At\u00fan rojo del Pac\u00edfico"},"content":{"rendered":"<p style=\"text-align: justify;\"><em>Con la informaci\u00f3n de: Fis.com<\/em><\/p>\n<p style=\"text-align: justify;\">La Comisi\u00f3n de Pesquer\u00edas del Pac\u00edfico Occidental y Central concluy\u00f3 una reuni\u00f3n celebrada en Sapporo, Jap\u00f3n, sin haber logrado consensuar medidas a corto plazo para ayudar a la recuperaci\u00f3n de la poblaci\u00f3n de At\u00fan rojo del Pac\u00edfico, ni tampoco las medidas a largo plazo necesarias para la reconstrucci\u00f3n de la especie a niveles saludables, lamenta The Pew Charitable Trusts.<\/p>\n<p style=\"text-align: justify;\">Seg\u00fan la ONG, los miembros de la organizaci\u00f3n ni siquiera pudieron ponerse de acuerdo sobre una solicitud para que sus cient\u00edficos eval\u00faen los efectos de una gesti\u00f3n m\u00e1s estricta para asegurar la salud futura de esta poblaci\u00f3n tan castigada.<\/p>\n<p style=\"text-align: justify;\"><em>&#8220;Lamentablemente, el \u00fanico resultado de la reuni\u00f3n de esta semana es una garant\u00eda de que la poblaci\u00f3n de At\u00fan rojo del Pac\u00edfico se reducir\u00e1 a\u00fan m\u00e1s a causa de la falta de acci\u00f3n continua de diez gobiernos responsables de la gesti\u00f3n de esta especie&#8221;<\/em>, dijo Amanda Nickson, Directora de conservaci\u00f3n global del At\u00fan de The Pew Charitable Trusts.<\/p>\n<p style=\"text-align: justify;\">De acuerdo con un an\u00e1lisis llevado a cabo por cient\u00edficos del Instituto Nacional de Investigaci\u00f3n de Pesquer\u00edas de Ultramar de Jap\u00f3n:<\/p>\n<p style=\"text-align: justify;\">El tama\u00f1o del stock de At\u00fan rojo del Pac\u00edfico seguir\u00e1 disminuyendo hasta el a\u00f1o 2018, incluso con la plena aplicaci\u00f3n de las medidas de conservaci\u00f3n actuales.<br \/>\nEn la pr\u00f3xima d\u00e9cada, hay una probabilidad de 1 en 3 de que la poblaci\u00f3n de at\u00fan rojo del Pac\u00edfico caiga al nivel m\u00e1s bajo jam\u00e1s registrado.<br \/>\n<em>&#8220;Es decepcionante que el Gobierno japon\u00e9s no haya apoyado un fuerte plan de recuperaci\u00f3n para el at\u00fan rojo del Pac\u00edfico, teniendo en cuenta que los pescadores japoneses tienen mucho que ganar si la poblaci\u00f3n vuelve a generar, y a\u00fan m\u00e1s que perder si la poblaci\u00f3n de esta valiosa especie se derrumba. Dado que los gobiernos miembros del Comit\u00e9 del Norte fracasaron de nuevo en ponerse de acuerdo sobre las protecciones necesarias, la comunidad internacional puede verse obligada a pensar en una prohibici\u00f3n del comercio mundial para ayudar a salvar a esta especie&#8221;,<\/em> a\u00f1adi\u00f3 Nickson.<\/p>\n<p style=\"text-align: justify;\">La ONG destaca que despu\u00e9s de casi un siglo de la pesca excesiva, la poblaci\u00f3n de At\u00fan rojo del Pac\u00edfico ha ca\u00eddo un 96 % respecto de los niveles no pescados, y los n\u00fameros siguen bajando.<\/p>\n<p style=\"text-align: justify;\">Se estimaba que el at\u00fan rojo se encontraba en un 15-20 % de los niveles no pescados cuando se consider\u00f3 una prohibici\u00f3n del comercio mundial en 2010. En la actualidad, el at\u00fan de aleta azul del Pac\u00edfico est\u00e1 en s\u00f3lo el 4,6 % de su m\u00e1ximo hist\u00f3rico.<\/p>\n<p style=\"text-align: justify;\">No obstante, Pew dice que la buena noticia es que estos son peces muy productivos y generan millones de huevos al a\u00f1o, lo cual significa que si se les brinda protecci\u00f3n adicional pronto, el At\u00fan rojo del Pac\u00edfico y las pesquer\u00edas que dependen de \u00e9l podr\u00e1n recuperarse con relativa rapidez.<\/p>\n","protected":false},"excerpt":{"rendered":"<p>Con la informaci\u00f3n de: Fis.com La Comisi\u00f3n de Pesquer\u00edas del Pac\u00edfico Occidental y Central concluy\u00f3 una reuni\u00f3n celebrada en Sapporo, Jap\u00f3n, sin haber logrado consensuar medidas a corto plazo para ayudar a la recuperaci\u00f3n de la poblaci\u00f3n de At\u00fan rojo del Pac\u00edfico, ni tampoco las medidas a largo plazo necesarias para la reconstrucci\u00f3n de la [&hellip;]<\/p>\n","protected":false},"author":2,"featured_media":5713,"comment_status":"open","ping_status":"open","sticky":false,"template":"","format":"standard","meta":{"footnotes":""},"categories":[77,63],"tags":[260],"class_list":["post-5712","post","type-post","status-publish","format-standard","has-post-thumbnail","hentry","category-internacionales","category-noticias","tag-atun-rojo"],"_links":{"self":[{"href":"https:\/\/www.perupesquero.org\/web\/wp-json\/wp\/v2\/posts\/5712","targetHints":{"allow":["GET"]}}],"collection":[{"href":"https:\/\/www.perupesquero.org\/web\/wp-json\/wp\/v2\/posts"}],"about":[{"href":"https:\/\/www.perupesquero.org\/web\/wp-json\/wp\/v2\/types\/post"}],"author":[{"embeddable":true,"href":"https:\/\/www.perupesquero.org\/web\/wp-json\/wp\/v2\/users\/2"}],"replies":[{"embeddable":true,"href":"https:\/\/www.perupesquero.org\/web\/wp-json\/wp\/v2\/comments?post=5712"}],"version-history":[{"count":0,"href":"https:\/\/www.perupesquero.org\/web\/wp-json\/wp\/v2\/posts\/5712\/revisions"}],"wp:featuredmedia":[{"embeddable":true,"href":"https:\/\/www.perupesquero.org\/web\/wp-json\/wp\/v2\/media\/5713"}],"wp:attachment":[{"href":"https:\/\/www.perupesquero.org\/web\/wp-json\/wp\/v2\/media?parent=5712"}],"wp:term":[{"taxonomy":"category","embeddable":true,"href":"https:\/\/www.perupesquero.org\/web\/wp-json\/wp\/v2\/categories?post=5712"},{"taxonomy":"post_tag","embeddable":true,"href":"https:\/\/www.perupesquero.org\/web\/wp-json\/wp\/v2\/tags?post=5712"}],"curies":[{"name":"wp","href":"https:\/\/api.w.org\/{rel}","templated":true}]}}