{"id":5683,"date":"2015-09-02T09:24:25","date_gmt":"2015-09-02T14:24:25","guid":{"rendered":"http:\/\/www.perupesquero.org\/?p=5683"},"modified":"2015-09-02T09:24:25","modified_gmt":"2015-09-02T14:24:25","slug":"prorrogan-emergencia-en-14-departamentos-del-peru-por-fenomeno-climatico-de-el-nino","status":"publish","type":"post","link":"https:\/\/www.perupesquero.org\/web\/prorrogan-emergencia-en-14-departamentos-del-peru-por-fenomeno-climatico-de-el-nino\/","title":{"rendered":"Prorrogan emergencia en 14 departamentos del Per\u00fa por fen\u00f3meno clim\u00e1tico de El Ni\u00f1o"},"content":{"rendered":"<p style=\"text-align: justify;\"><em>Con la informaci\u00f3n de Andina.com.pe<\/em><\/p>\n<p style=\"text-align: justify;\">El Gobierno central prorrog\u00f3 el estado de emergencia en algunos distritos y provincias comprendidos en los departamentos de Tumbes, Piura, Lambayeque, La Libertad, Cajamarca, Amazonas, San Mart\u00edn, \u00c1ncash, Ica, Lima, Arequipa, Cusco, Puno y Jun\u00edn, as\u00ed como en la Provincia Constitucional del Callao, por peligro inminente ante el periodo de lluvias 2015-2016 y posible ocurrencia del fen\u00f3meno El Ni\u00f1o.<\/p>\n<p style=\"text-align: justify;\">El Decreto Supremo N\u00ba 058-2015-PCM precisa que esta declaratoria de emergencia tendr\u00e1 una vigencia de 60 d\u00edas calendario, a partir del 4 de setiembre del 2015, y permitir\u00e1 a las autoridades competentes ejecutar las acciones inmediatas y necesarias de reducci\u00f3n del muy alto riesgo existente y de rehabilitaci\u00f3n que correspondan.<\/p>\n<p style=\"text-align: justify;\">Los gobiernos regionales de Tumbes, Piura, Lambayeque, La Libertad, Cajamarca, Amazonas, San Mart\u00edn, \u00c1ncash, Lima, Ica, Arequipa, Cusco, Puno, Jun\u00edn y del Callao, as\u00ed como los gobiernos locales involucrados, seg\u00fan corresponda, ejecutar\u00e1n las acciones inmediatas y necesarias destinadas a la reducci\u00f3n del muy alto riesgo existente y a la rehabilitaci\u00f3n de las zonas que pudieran verse afectadas para el restablecimiento de los servicios b\u00e1sicos y de la infraestructura diversa<\/p>\n<p style=\"text-align: justify;\">Para ello se contar\u00e1 con las coordinaciones t\u00e9cnicas y seguimiento del Instituto Nacional de Defensa Civil (Indeci), y la participaci\u00f3n del Ministerio de Agricultura y Riego, Autoridad Nacional del Agua (ANA), y dem\u00e1s instituciones p\u00fablicas y privadas involucradas, en cuanto les corresponda dentro de sus competencias.<\/p>\n<p style=\"text-align: justify;\">La presente resoluci\u00f3n, publicada hoy en la separata de normas legales del diario oficial El Peruano, est\u00e1 refrendada por el Presidente de la Rep\u00fablica, Ollanta Humala Tasso; el Primer ministro, Pedro Cateriano Bellido y el Ministro de Agricultura, Juan Manuel Benites Ramos.<\/p>\n","protected":false},"excerpt":{"rendered":"<p>Con la informaci\u00f3n de Andina.com.pe El Gobierno central prorrog\u00f3 el estado de emergencia en algunos distritos y provincias comprendidos en los departamentos de Tumbes, Piura, Lambayeque, La Libertad, Cajamarca, Amazonas, San Mart\u00edn, \u00c1ncash, Ica, Lima, Arequipa, Cusco, Puno y Jun\u00edn, as\u00ed como en la Provincia Constitucional del Callao, por peligro inminente ante el periodo de [&hellip;]<\/p>\n","protected":false},"author":2,"featured_media":5684,"comment_status":"open","ping_status":"open","sticky":false,"template":"","format":"standard","meta":{"footnotes":""},"categories":[78,63],"tags":[592,802,928],"class_list":["post-5683","post","type-post","status-publish","format-standard","has-post-thumbnail","hentry","category-nacionales","category-noticias","tag-declaran-en-emergencia-14-departamentos","tag-fenomeno-del-nino","tag-indeci"],"_links":{"self":[{"href":"https:\/\/www.perupesquero.org\/web\/wp-json\/wp\/v2\/posts\/5683","targetHints":{"allow":["GET"]}}],"collection":[{"href":"https:\/\/www.perupesquero.org\/web\/wp-json\/wp\/v2\/posts"}],"about":[{"href":"https:\/\/www.perupesquero.org\/web\/wp-json\/wp\/v2\/types\/post"}],"author":[{"embeddable":true,"href":"https:\/\/www.perupesquero.org\/web\/wp-json\/wp\/v2\/users\/2"}],"replies":[{"embeddable":true,"href":"https:\/\/www.perupesquero.org\/web\/wp-json\/wp\/v2\/comments?post=5683"}],"version-history":[{"count":0,"href":"https:\/\/www.perupesquero.org\/web\/wp-json\/wp\/v2\/posts\/5683\/revisions"}],"wp:featuredmedia":[{"embeddable":true,"href":"https:\/\/www.perupesquero.org\/web\/wp-json\/wp\/v2\/media\/5684"}],"wp:attachment":[{"href":"https:\/\/www.perupesquero.org\/web\/wp-json\/wp\/v2\/media?parent=5683"}],"wp:term":[{"taxonomy":"category","embeddable":true,"href":"https:\/\/www.perupesquero.org\/web\/wp-json\/wp\/v2\/categories?post=5683"},{"taxonomy":"post_tag","embeddable":true,"href":"https:\/\/www.perupesquero.org\/web\/wp-json\/wp\/v2\/tags?post=5683"}],"curies":[{"name":"wp","href":"https:\/\/api.w.org\/{rel}","templated":true}]}}