{"id":5400,"date":"2015-08-13T15:26:36","date_gmt":"2015-08-13T20:26:36","guid":{"rendered":"http:\/\/www.perupesquero.org\/?p=5400"},"modified":"2015-08-13T15:26:36","modified_gmt":"2015-08-13T20:26:36","slug":"trujillo-denuncian-que-70-de-aguas-residuales-van-directo-al-mar","status":"publish","type":"post","link":"https:\/\/www.perupesquero.org\/web\/trujillo-denuncian-que-70-de-aguas-residuales-van-directo-al-mar\/","title":{"rendered":"TRUJILLO &#8211; Denuncian que 70% de aguas residuales van directo al Mar"},"content":{"rendered":"<p style=\"text-align: justify;\">La lucha para que el Mar deje de ser un botadero de residuos podr\u00eda tener sus frutos. El decano del Colegio de Ingenieros de La Libertad, Marco Cabrera Huam\u00e1n, se\u00f1al\u00f3 que el 30% de las aguas residuales llega a ser tratada, mientras que la cifra restante de desechos son arrojados a las playas.<\/p>\n<p style=\"text-align: justify;\">Sostuvo que esta adversa realidad se debe a que las dos plantas de tratamiento que hay en la ciudad no se dan abasto para procesar la purificaci\u00f3n de todas las aguas, adem\u00e1s est\u00e1n obsoletas.<\/p>\n<p style=\"text-align: justify;\">Remarc\u00f3 que esas infraestructuras, que son de propiedad de la empresa del Servicio de Agua Potable y Alcantarillado de La Libertad (Sedalib), <em>\u201cno tienen ni la capacidad ni la tecnolog\u00eda que se merece Trujillo\u201d.<\/em> Agreg\u00f3 que si no se dirigi\u00f3 a esta firma es por la crisis institucional por la que atraviesa.<\/p>\n<p style=\"text-align: justify;\">Agobiado por esta situaci\u00f3n, se encamin\u00f3 a la sede del Gobierno Regional de La Libertad, donde se reuni\u00f3 con el Gobernador regional C\u00e9sar Acu\u00f1a Peralta para expresarle esta preocupaci\u00f3n.<\/p>\n<p style=\"text-align: justify;\"><em>\u201cEl Gobernador se comprometi\u00f3 a financiar los estudios para el proyecto de construcci\u00f3n de una nueva planta de tratamiento, mientras que nosotros apoyaremos con el asesoramiento en la parte t\u00e9cnica\u201d<\/em>, se\u00f1al\u00f3 Cabrera Huam\u00e1n.<\/p>\n<p style=\"text-align: justify;\"><strong>FUENTE:<\/strong> Larepublica.pe<\/p>\n","protected":false},"excerpt":{"rendered":"<p>La lucha para que el Mar deje de ser un botadero de residuos podr\u00eda tener sus frutos. El decano del Colegio de Ingenieros de La Libertad, Marco Cabrera Huam\u00e1n, se\u00f1al\u00f3 que el 30% de las aguas residuales llega a ser tratada, mientras que la cifra restante de desechos son arrojados a las playas. Sostuvo que [&hellip;]<\/p>\n","protected":false},"author":2,"featured_media":5401,"comment_status":"open","ping_status":"open","sticky":false,"template":"","format":"standard","meta":{"footnotes":""},"categories":[78,63],"tags":[132,1103,1676],"class_list":["post-5400","post","type-post","status-publish","format-standard","has-post-thumbnail","hentry","category-nacionales","category-noticias","tag-70-de-aguas-residuales-van-directo-al-mar","tag-mar","tag-sedalib"],"_links":{"self":[{"href":"https:\/\/www.perupesquero.org\/web\/wp-json\/wp\/v2\/posts\/5400","targetHints":{"allow":["GET"]}}],"collection":[{"href":"https:\/\/www.perupesquero.org\/web\/wp-json\/wp\/v2\/posts"}],"about":[{"href":"https:\/\/www.perupesquero.org\/web\/wp-json\/wp\/v2\/types\/post"}],"author":[{"embeddable":true,"href":"https:\/\/www.perupesquero.org\/web\/wp-json\/wp\/v2\/users\/2"}],"replies":[{"embeddable":true,"href":"https:\/\/www.perupesquero.org\/web\/wp-json\/wp\/v2\/comments?post=5400"}],"version-history":[{"count":0,"href":"https:\/\/www.perupesquero.org\/web\/wp-json\/wp\/v2\/posts\/5400\/revisions"}],"wp:featuredmedia":[{"embeddable":true,"href":"https:\/\/www.perupesquero.org\/web\/wp-json\/wp\/v2\/media\/5401"}],"wp:attachment":[{"href":"https:\/\/www.perupesquero.org\/web\/wp-json\/wp\/v2\/media?parent=5400"}],"wp:term":[{"taxonomy":"category","embeddable":true,"href":"https:\/\/www.perupesquero.org\/web\/wp-json\/wp\/v2\/categories?post=5400"},{"taxonomy":"post_tag","embeddable":true,"href":"https:\/\/www.perupesquero.org\/web\/wp-json\/wp\/v2\/tags?post=5400"}],"curies":[{"name":"wp","href":"https:\/\/api.w.org\/{rel}","templated":true}]}}