{"id":5332,"date":"2015-08-08T16:25:11","date_gmt":"2015-08-08T21:25:11","guid":{"rendered":"http:\/\/www.perupesquero.org\/?p=5332"},"modified":"2015-08-08T16:25:11","modified_gmt":"2015-08-08T21:25:11","slug":"restringen-actividades-maritimas-en-ilo-por-oleajes-anomalos","status":"publish","type":"post","link":"https:\/\/www.perupesquero.org\/web\/restringen-actividades-maritimas-en-ilo-por-oleajes-anomalos\/","title":{"rendered":"Restringen actividades mar\u00edtimas en Ilo por oleajes an\u00f3malos"},"content":{"rendered":"<p style=\"text-align: justify;\">La Capitan\u00eda de Puerto de Ilo (Moquegua) restringi\u00f3 la actividad de Pesca y otras propias en la zona en base a la informaci\u00f3n recibida desde el Instituto Nacional de Defensa Civil (Indeci) que alert\u00f3 a las localidades costeras del sur del Per\u00fa ante los pron\u00f3sticos de oleajes an\u00f3malos.<\/p>\n<p style=\"text-align: justify;\">El Capit\u00e1n de nav\u00edo AP, Renso Rocha Lorenzzeti, Jefe de la Capitan\u00eda del Puerto de Ilo, precis\u00f3 que esta disposici\u00f3n se viene ejecutando desde el viernes 7 de agosto.<\/p>\n<p style=\"text-align: justify;\">En tal sentido, dicha dependencia de la Marina inst\u00f3 a los empresarios y pescadores que operan en el Puerto de Ilo act\u00faen con prudencia a fin de prevenir accidentes y\/o da\u00f1os personales y materiales, y record\u00f3 que la semana pasada perdi\u00f3 la vida un pescador artesanal.<\/p>\n<p style=\"text-align: justify;\">Del mismo modo, aconseja suspender las actividades portuarias y de pesca, as\u00ed como asegurar las embarcaciones o retirar las flotas peque\u00f1as hacia tierra firme.<\/p>\n<p style=\"text-align: justify;\">Adem\u00e1s, se debe suspender actividades deportivas y recreativas durante el periodo de oleaje y evitar campamentos.<\/p>\n<p style=\"text-align: justify;\"><strong>FUENTE:<\/strong> Andina.com.pe<\/p>\n","protected":false},"excerpt":{"rendered":"<p>La Capitan\u00eda de Puerto de Ilo (Moquegua) restringi\u00f3 la actividad de Pesca y otras propias en la zona en base a la informaci\u00f3n recibida desde el Instituto Nacional de Defensa Civil (Indeci) que alert\u00f3 a las localidades costeras del sur del Per\u00fa ante los pron\u00f3sticos de oleajes an\u00f3malos. El Capit\u00e1n de nav\u00edo AP, Renso Rocha [&hellip;]<\/p>\n","protected":false},"author":2,"featured_media":5333,"comment_status":"open","ping_status":"open","sticky":false,"template":"","format":"standard","meta":{"footnotes":""},"categories":[78,63,67],"tags":[928,1352,1554],"class_list":["post-5332","post","type-post","status-publish","format-standard","has-post-thumbnail","hentry","category-nacionales","category-noticias","category-pesqueria","tag-indeci","tag-pesca","tag-puerto-de-ilo"],"_links":{"self":[{"href":"https:\/\/www.perupesquero.org\/web\/wp-json\/wp\/v2\/posts\/5332","targetHints":{"allow":["GET"]}}],"collection":[{"href":"https:\/\/www.perupesquero.org\/web\/wp-json\/wp\/v2\/posts"}],"about":[{"href":"https:\/\/www.perupesquero.org\/web\/wp-json\/wp\/v2\/types\/post"}],"author":[{"embeddable":true,"href":"https:\/\/www.perupesquero.org\/web\/wp-json\/wp\/v2\/users\/2"}],"replies":[{"embeddable":true,"href":"https:\/\/www.perupesquero.org\/web\/wp-json\/wp\/v2\/comments?post=5332"}],"version-history":[{"count":0,"href":"https:\/\/www.perupesquero.org\/web\/wp-json\/wp\/v2\/posts\/5332\/revisions"}],"wp:featuredmedia":[{"embeddable":true,"href":"https:\/\/www.perupesquero.org\/web\/wp-json\/wp\/v2\/media\/5333"}],"wp:attachment":[{"href":"https:\/\/www.perupesquero.org\/web\/wp-json\/wp\/v2\/media?parent=5332"}],"wp:term":[{"taxonomy":"category","embeddable":true,"href":"https:\/\/www.perupesquero.org\/web\/wp-json\/wp\/v2\/categories?post=5332"},{"taxonomy":"post_tag","embeddable":true,"href":"https:\/\/www.perupesquero.org\/web\/wp-json\/wp\/v2\/tags?post=5332"}],"curies":[{"name":"wp","href":"https:\/\/api.w.org\/{rel}","templated":true}]}}