{"id":5324,"date":"2015-08-07T15:00:13","date_gmt":"2015-08-07T20:00:13","guid":{"rendered":"http:\/\/www.perupesquero.org\/?p=5324"},"modified":"2015-08-07T15:00:13","modified_gmt":"2015-08-07T20:00:13","slug":"bolivia-recuperara-el-acceso-al-mar-por-la-via-del-dialogo","status":"publish","type":"post","link":"https:\/\/www.perupesquero.org\/web\/bolivia-recuperara-el-acceso-al-mar-por-la-via-del-dialogo\/","title":{"rendered":"BOLIVIA &#8211; Recuperar\u00e1 el acceso al Mar por la v\u00eda del di\u00e1logo"},"content":{"rendered":"<p style=\"text-align: justify;\">Bolivia recuperar\u00e1, por la v\u00eda pac\u00edfica y dialogada, su acceso soberano al oc\u00e9ano Pac\u00edfico, expres\u00f3 el Presidente Evo Morales en su mensaje al pa\u00eds, que conmemora 190 a\u00f1os de independencia.<br \/>\n<em>\u201cTengo mucha esperanza, estoy seguro de que vamos a ganar esta batalla para que Bolivia vuelva al Pac\u00edfico con soberan\u00eda\u201d,<\/em> dijo ante la Asamblea Legislativa Plurinacional, que sesion\u00f3 por primera vez, de manera extraordinaria, para conmemorar la efem\u00e9ride patria en la amaz\u00f3nica Ciudad de Trinidad.<\/p>\n<p style=\"text-align: justify;\"><strong>Tensi\u00f3n diplom\u00e1tica<\/strong><\/p>\n<p style=\"text-align: justify;\">La convicci\u00f3n de Morales se registra en momentos en que La Paz y Santiago mantienen un fuego cruzado verbal, despu\u00e9s de que el Gobernante boliviano sospechara del C\u00f3nsul general de Chile en La Paz, Milenko Skoknic, de incurrir en acciones de corte injerencista al sostener reuniones con grupos de opositores criollos.<\/p>\n<p style=\"text-align: justify;\">A su turno, Chile expres\u00f3 contrariedad por la denuncia y descart\u00f3 la posibilidad de que ambas naciones retomen relaciones plenas, inexistentes hace 40 a\u00f1os, con una frase que cobr\u00f3 celebridad los \u00faltimos d\u00edas: <em>\u201cNos vemos en La Haya\u201d.<\/em><\/p>\n<p style=\"text-align: justify;\">El Gobierno de Morales radic\u00f3 un juicio en la Corte Internacional de Justicia (CIJ) para que Chile se avenga a negociar de buena fe una salida soberana al mar para la mediterr\u00e1nea Bolivia, con base en una decena de promesas formales de Estado durante el siglo XX en tal sentido.<\/p>\n<p style=\"text-align: justify;\"><strong>Insulza respald\u00f3 demanda<\/strong><\/p>\n<p style=\"text-align: justify;\">El Presidente boliviano, Evo Morales, pidi\u00f3 al portavoz de Chile en el litigio mar\u00edtimo con Bolivia, Jos\u00e9 Miguel Insulza, recordar que, cuando fue secretario general de la OEA, los respald\u00f3 en su pedido para recuperar una salida soberana al mar.<\/p>\n<p style=\"text-align: justify;\"><em>\u201cJos\u00e9 Miguel Insulza, cuando estaba de Secretario general de la OEA, en 2010, \u00bfqu\u00e9 dijo? Ya es hora que Chile ofrezca propuestas concretas a Bolivia en pos de solucionar su centenaria demanda sobre una salida al Mar\u201d,<\/em> evoc\u00f3 Morales.<\/p>\n<p style=\"text-align: justify;\"><em>\u201cAhora que ya no es Secretario general, quiero recordarle, con algunas dudas, los compromisos que tiene conmigo para que Bolivia vuelva al mar con soberan\u00eda\u201d,<\/em> manifest\u00f3.<\/p>\n<p style=\"text-align: justify;\"><strong>Respaldo<\/strong><\/p>\n<p style=\"text-align: justify;\">Morales destac\u00f3 que la izquierda chilena suscribi\u00f3 una declaraci\u00f3n en el Foro de Sao Paulo de respaldo a la reivindicaci\u00f3n mar\u00edtima de Bolivia.<\/p>\n<p style=\"text-align: justify;\">El Mandatario boliviano celebr\u00f3 que cinco expresidentes se hayan sumado al equipo que tiene como misi\u00f3n explicar la posici\u00f3n de su pa\u00eds a la comunidad internacional.<\/p>\n<p style=\"text-align: justify;\"><strong>FUENTE:<\/strong> Elperuano.com.pe<\/p>\n","protected":false},"excerpt":{"rendered":"<p>Bolivia recuperar\u00e1, por la v\u00eda pac\u00edfica y dialogada, su acceso soberano al oc\u00e9ano Pac\u00edfico, expres\u00f3 el Presidente Evo Morales en su mensaje al pa\u00eds, que conmemora 190 a\u00f1os de independencia. \u201cTengo mucha esperanza, estoy seguro de que vamos a ganar esta batalla para que Bolivia vuelva al Pac\u00edfico con soberan\u00eda\u201d, dijo ante la Asamblea Legislativa [&hellip;]<\/p>\n","protected":false},"author":2,"featured_media":5325,"comment_status":"open","ping_status":"open","sticky":false,"template":"","format":"standard","meta":{"footnotes":""},"categories":[77,63],"tags":[339,1103],"class_list":["post-5324","post","type-post","status-publish","format-standard","has-post-thumbnail","hentry","category-internacionales","category-noticias","tag-bolivia","tag-mar"],"_links":{"self":[{"href":"https:\/\/www.perupesquero.org\/web\/wp-json\/wp\/v2\/posts\/5324","targetHints":{"allow":["GET"]}}],"collection":[{"href":"https:\/\/www.perupesquero.org\/web\/wp-json\/wp\/v2\/posts"}],"about":[{"href":"https:\/\/www.perupesquero.org\/web\/wp-json\/wp\/v2\/types\/post"}],"author":[{"embeddable":true,"href":"https:\/\/www.perupesquero.org\/web\/wp-json\/wp\/v2\/users\/2"}],"replies":[{"embeddable":true,"href":"https:\/\/www.perupesquero.org\/web\/wp-json\/wp\/v2\/comments?post=5324"}],"version-history":[{"count":0,"href":"https:\/\/www.perupesquero.org\/web\/wp-json\/wp\/v2\/posts\/5324\/revisions"}],"wp:featuredmedia":[{"embeddable":true,"href":"https:\/\/www.perupesquero.org\/web\/wp-json\/wp\/v2\/media\/5325"}],"wp:attachment":[{"href":"https:\/\/www.perupesquero.org\/web\/wp-json\/wp\/v2\/media?parent=5324"}],"wp:term":[{"taxonomy":"category","embeddable":true,"href":"https:\/\/www.perupesquero.org\/web\/wp-json\/wp\/v2\/categories?post=5324"},{"taxonomy":"post_tag","embeddable":true,"href":"https:\/\/www.perupesquero.org\/web\/wp-json\/wp\/v2\/tags?post=5324"}],"curies":[{"name":"wp","href":"https:\/\/api.w.org\/{rel}","templated":true}]}}