{"id":5221,"date":"2015-07-21T22:51:07","date_gmt":"2015-07-22T03:51:07","guid":{"rendered":"http:\/\/www.perupesquero.org\/?p=5221"},"modified":"2015-07-21T22:51:07","modified_gmt":"2015-07-22T03:51:07","slug":"fenomeno-el-nino-servicio-metereologico-de-australia-preve-que-continuara-hasta-el-2016","status":"publish","type":"post","link":"https:\/\/www.perupesquero.org\/web\/fenomeno-el-nino-servicio-metereologico-de-australia-preve-que-continuara-hasta-el-2016\/","title":{"rendered":"Fen\u00f3meno El Ni\u00f1o: Servicio metereol\u00f3gico de Australia prev\u00e9 que continuar\u00e1 hasta el 2016"},"content":{"rendered":"<p style=\"text-align: justify;\">La presencia del Fen\u00f3meno El Ni\u00f1o en el Oc\u00e9ano Pac\u00edfico est\u00e1 aumentando y se espera que crezca su desarrollo, elevando las temperaturas y reduciendo las lluvias el pr\u00f3ximo a\u00f1o, dijo el martes el Servicio Metereol\u00f3gico de Australia.<\/p>\n<p style=\"text-align: justify;\">En un comunicado, el servicio dijo que la temperatura de la superficie del oc\u00e9ano en todas las \u00e1reas de seguimiento ha estado m\u00e1s de 1 grado celcius por encima del promedio durante 10 semanas consecutivas, lo que significa dos semanas m\u00e1s que los niveles r\u00e9cord registrados en 1997.<\/p>\n<p style=\"text-align: justify;\">El calentamiento ha sido exacerbado por la debilidad o la reversi\u00f3n de los vientos sobre grandes partes del Oc\u00e9ano Pac\u00edfico. El impacto del Fen\u00f3meno El Ni\u00f1o a menudo alcanza un m\u00e1ximo al final de la primavera en el hemisferio sur o a principios del verano boreal, antes de debilitarse en el nuevo a\u00f1o.<\/p>\n<p style=\"text-align: justify;\">La fortaleza del Fen\u00f3meno El Ni\u00f1o puede generar altas temperaturas a lo largo de Asia y el este de \u00c1frica, as\u00ed como fuertes lluvias e inundaciones en Sudam\u00e9rica.<\/p>\n<p style=\"text-align: justify;\">Previamente este mes, el Servicio Metereol\u00f3gico de Jap\u00f3n dijo que el Fen\u00f3meno El Ni\u00f1o contin\u00faa, reiterando que existen fuertes probabilidades de que se siga desarrollando en el invierno boreal, mientras que una oficina de meteorolog\u00eda del Gobierno de Estados Unidos advirti\u00f3 que es probable que se extienda por otros nueve meses.<\/p>\n<p style=\"text-align: justify;\"><strong>FUENTE:<\/strong> Semanaeconomica.com<\/p>\n","protected":false},"excerpt":{"rendered":"<p>La presencia del Fen\u00f3meno El Ni\u00f1o en el Oc\u00e9ano Pac\u00edfico est\u00e1 aumentando y se espera que crezca su desarrollo, elevando las temperaturas y reduciendo las lluvias el pr\u00f3ximo a\u00f1o, dijo el martes el Servicio Metereol\u00f3gico de Australia. En un comunicado, el servicio dijo que la temperatura de la superficie del oc\u00e9ano en todas las \u00e1reas [&hellip;]<\/p>\n","protected":false},"author":2,"featured_media":0,"comment_status":"open","ping_status":"open","sticky":false,"template":"","format":"standard","meta":{"footnotes":""},"categories":[77,63,67],"tags":[802],"class_list":["post-5221","post","type-post","status-publish","format-standard","hentry","category-internacionales","category-noticias","category-pesqueria","tag-fenomeno-del-nino"],"_links":{"self":[{"href":"https:\/\/www.perupesquero.org\/web\/wp-json\/wp\/v2\/posts\/5221","targetHints":{"allow":["GET"]}}],"collection":[{"href":"https:\/\/www.perupesquero.org\/web\/wp-json\/wp\/v2\/posts"}],"about":[{"href":"https:\/\/www.perupesquero.org\/web\/wp-json\/wp\/v2\/types\/post"}],"author":[{"embeddable":true,"href":"https:\/\/www.perupesquero.org\/web\/wp-json\/wp\/v2\/users\/2"}],"replies":[{"embeddable":true,"href":"https:\/\/www.perupesquero.org\/web\/wp-json\/wp\/v2\/comments?post=5221"}],"version-history":[{"count":0,"href":"https:\/\/www.perupesquero.org\/web\/wp-json\/wp\/v2\/posts\/5221\/revisions"}],"wp:attachment":[{"href":"https:\/\/www.perupesquero.org\/web\/wp-json\/wp\/v2\/media?parent=5221"}],"wp:term":[{"taxonomy":"category","embeddable":true,"href":"https:\/\/www.perupesquero.org\/web\/wp-json\/wp\/v2\/categories?post=5221"},{"taxonomy":"post_tag","embeddable":true,"href":"https:\/\/www.perupesquero.org\/web\/wp-json\/wp\/v2\/tags?post=5221"}],"curies":[{"name":"wp","href":"https:\/\/api.w.org\/{rel}","templated":true}]}}