{"id":4688,"date":"2015-05-21T22:40:35","date_gmt":"2015-05-22T03:40:35","guid":{"rendered":"http:\/\/www.perupesquero.org\/?p=4688"},"modified":"2015-05-21T22:40:35","modified_gmt":"2015-05-22T03:40:35","slug":"produce-anuncia-modernizacion-del-cite-acuicola-de-la-region-puno","status":"publish","type":"post","link":"https:\/\/www.perupesquero.org\/web\/produce-anuncia-modernizacion-del-cite-acuicola-de-la-region-puno\/","title":{"rendered":"PRODUCE anuncia modernizaci\u00f3n del CITE Acu\u00edcola de la Regi\u00f3n Puno"},"content":{"rendered":"<p style=\"text-align: justify;\">El Viceministro de Pesquer\u00eda, Juan Carlos Requejo, anunci\u00f3 la pr\u00f3xima modernizaci\u00f3n del Centro de Innovaci\u00f3n Tecnol\u00f3gica (CITE) \u2013 Acu\u00edcola de la regi\u00f3n Puno con la instalaci\u00f3n de una nueva Unidad T\u00e9cnica Especializada en la materia.<\/p>\n<p style=\"text-align: justify;\">Afirm\u00f3 que el objetivo de esta medida es elevar la calidad, productividad y competitividad de los productores artesanales, de las peque\u00f1as y medianas empresas (pyme) y de los actores de las cadenas productivas de la Pesca artesanal de dicha regi\u00f3n.<\/p>\n<p style=\"text-align: justify;\">Agreg\u00f3 que la modernizaci\u00f3n del CITE Acu\u00edcola forma parte del Plan Nacional de Diversificaci\u00f3n Productiva (PNDP) que impulsa el Gobierno Central en todo el pa\u00eds. Anot\u00f3 que ello ser\u00e1 posible gracias a la suscripci\u00f3n de un convenio entre el Instituto Tecnol\u00f3gico de la Producci\u00f3n (ITP) del Produce y el Gobierno Regional de Puno.<\/p>\n<p style=\"text-align: justify;\">Requejo subray\u00f3 que con la nueva Unidad T\u00e9cnica del CITE &#8211; Acu\u00edcola del distrito de Chucuito, en la Provincia y Departamento de Puno, se impulsar\u00e1 el desarrollo de la producci\u00f3n de la trucha, as\u00ed como de la Pesca artesanal del lago Titicaca y de las zonas altoandinas.<\/p>\n<p style=\"text-align: justify;\"><em>\u201cTambi\u00e9n se promover\u00e1 la transferencia tecnol\u00f3gica para el rendimiento homog\u00e9neo (calidad y tama\u00f1o) y el cultivo ordenado de los recursos hidrobiol\u00f3gicos. Servir\u00e1 adem\u00e1s para que las peque\u00f1as y medianas empresas (pyme) dedicadas a las actividades acu\u00edcolas se inserten en los mercados internacionales\u201d,<\/em> precis\u00f3 el Viceministro de Pesquer\u00eda.<\/p>\n<p style=\"text-align: justify;\">Sostuvo que en Puno se realiza la actividad acu\u00edcola e investigaci\u00f3n con especies introducidas como la Trucha arco iris y el Pejerrey. En esta Regi\u00f3n \u2013anot\u00f3- al 2013 la producci\u00f3n de trucha alcanz\u00f3 las 29,000 toneladas que representaron ingresos por aproximadamente 290 millones de nuevos soles. <em>\u201cEn el lago Titicaca se registra m\u00e1s del 90 por ciento de la producci\u00f3n truch\u00edcola\u201d<\/em>, refiri\u00f3.<\/p>\n<p style=\"text-align: justify;\"><strong>Desarrollo acu\u00edcola<\/strong><\/p>\n<p style=\"text-align: justify;\">Por otra parte, Requejo dio a conocer que recientemente durante una visita de trabajo que efectu\u00f3 a la Regi\u00f3n Puno, se coordinaron acciones para la elaboraci\u00f3n del Plan Regional de Acuicultura 2015\u20132030.<\/p>\n<p style=\"text-align: justify;\">En la Regi\u00f3n del altiplano, el Viceministro se reuni\u00f3 con los dirigentes de las diversas asociaciones de pescadores, acuicultores y comercializadores. Particip\u00f3 en un Taller sobre Buenas Pr\u00e1cticas Acu\u00edcolas y en la instalaci\u00f3n de la Mesa T\u00e9cnica Acu\u00edcola.<\/p>\n<p style=\"text-align: justify;\">Tambi\u00e9n efectu\u00f3 un recorrido por la Planta de Procesamiento de Recursos Hidrobiol\u00f3gicos en la ciudad de Juli y particip\u00f3 de un conversatorio con productores y pescadores de Lagunillas, Arapa, Moho, Chucuito, Pilcuyo, Pomata, Yunguyo y Faro, entre otras zonas.<\/p>\n<p style=\"text-align: justify;\">De igual manera, se reuni\u00f3 con dirigentes de la Asociaci\u00f3n de Alevineros y Productores de Trucha de talla comercial.<\/p>\n<p style=\"text-align: justify;\"><strong>FUENTE:<\/strong> Andina.com.pe<\/p>\n","protected":false},"excerpt":{"rendered":"<p>El Viceministro de Pesquer\u00eda, Juan Carlos Requejo, anunci\u00f3 la pr\u00f3xima modernizaci\u00f3n del Centro de Innovaci\u00f3n Tecnol\u00f3gica (CITE) \u2013 Acu\u00edcola de la regi\u00f3n Puno con la instalaci\u00f3n de una nueva Unidad T\u00e9cnica Especializada en la materia. Afirm\u00f3 que el objetivo de esta medida es elevar la calidad, productividad y competitividad de los productores artesanales, de las [&hellip;]<\/p>\n","protected":false},"author":2,"featured_media":4689,"comment_status":"open","ping_status":"open","sticky":false,"template":"","format":"standard","meta":{"footnotes":""},"categories":[78,63,67],"tags":[487,972,1472,1512,1580],"class_list":["post-4688","post","type-post","status-publish","format-standard","has-post-thumbnail","hentry","category-nacionales","category-noticias","category-pesqueria","tag-cite","tag-itp","tag-pndp","tag-produce","tag-pyme"],"_links":{"self":[{"href":"https:\/\/www.perupesquero.org\/web\/wp-json\/wp\/v2\/posts\/4688","targetHints":{"allow":["GET"]}}],"collection":[{"href":"https:\/\/www.perupesquero.org\/web\/wp-json\/wp\/v2\/posts"}],"about":[{"href":"https:\/\/www.perupesquero.org\/web\/wp-json\/wp\/v2\/types\/post"}],"author":[{"embeddable":true,"href":"https:\/\/www.perupesquero.org\/web\/wp-json\/wp\/v2\/users\/2"}],"replies":[{"embeddable":true,"href":"https:\/\/www.perupesquero.org\/web\/wp-json\/wp\/v2\/comments?post=4688"}],"version-history":[{"count":0,"href":"https:\/\/www.perupesquero.org\/web\/wp-json\/wp\/v2\/posts\/4688\/revisions"}],"wp:featuredmedia":[{"embeddable":true,"href":"https:\/\/www.perupesquero.org\/web\/wp-json\/wp\/v2\/media\/4689"}],"wp:attachment":[{"href":"https:\/\/www.perupesquero.org\/web\/wp-json\/wp\/v2\/media?parent=4688"}],"wp:term":[{"taxonomy":"category","embeddable":true,"href":"https:\/\/www.perupesquero.org\/web\/wp-json\/wp\/v2\/categories?post=4688"},{"taxonomy":"post_tag","embeddable":true,"href":"https:\/\/www.perupesquero.org\/web\/wp-json\/wp\/v2\/tags?post=4688"}],"curies":[{"name":"wp","href":"https:\/\/api.w.org\/{rel}","templated":true}]}}