{"id":4282,"date":"2015-04-15T22:36:30","date_gmt":"2015-04-16T03:36:30","guid":{"rendered":"http:\/\/www.perupesquero.org\/?p=4282"},"modified":"2015-04-15T22:36:30","modified_gmt":"2015-04-16T03:36:30","slug":"chile-presidenta-bachelet-debe-cumplir-su-compromiso-de-revisar-completa-la-ley-de-pesca","status":"publish","type":"post","link":"https:\/\/www.perupesquero.org\/web\/chile-presidenta-bachelet-debe-cumplir-su-compromiso-de-revisar-completa-la-ley-de-pesca\/","title":{"rendered":"CHILE &#8211; Presidenta Bachelet debe cumplir su compromiso de revisar completa la Ley de Pesca"},"content":{"rendered":"<p style=\"text-align: justify;\">Esta ma\u00f1ana las organizaciones sindicales y gremiales de pescadores y armadores artesanales de las comunas de Coronel, Lota, Talcahuano, Caleta El Morro, San Vicente, Caleta tumbes, Tom\u00e9 y Dichato llegaron hasta el Congreso Nacional en Valpara\u00edso para exponer su preocupaci\u00f3n debido a la pasividad con que la autoridad pesquera ha enfrentado la crisis que sufre la Pesca artesanal en la Regi\u00f3n del Biob\u00edo. Esto, en la antesala de las movilizaciones anunciadas para el d\u00eda de ma\u00f1ana en la Provincia de Concepci\u00f3n.<\/p>\n<p style=\"text-align: justify;\">En este sentido el Parlamentario insisti\u00f3 <em>\u201cen la necesidad de una revisi\u00f3n completa de la actual Ley de pesca y cumplir el compromiso contra\u00eddo por la Presidenta Bachelet el pasado 21 de mayo con los pescadores artesanales\u201d.<\/em><\/p>\n<p style=\"text-align: justify;\">A juicio del senador Navarro<em> \u201cla Ley se agot\u00f3 antes de nacer. Esta legislaci\u00f3n no resuelve el problema de fondo ya que no funciona cuando hay tan poco que pescar\u201d.<\/em><\/p>\n<p style=\"text-align: justify;\">Para Navarro<em> \u201ctodo en la Pesca se ha hecho mal, mal para Chile, mal para los recursos pesqueros, mal para las algueras y pescadores artesanales pero bien para las 7 familias y la Pesca industrial\u201d.<\/em><\/p>\n<p style=\"text-align: justify;\">El Legislador dijo que<em> \u201cde no modificarse la ley estaremos condenando al sector artesanal a desaparecer, siendo devorados por los industriales\u201d.<\/em><br \/>\n<em> Navarro advirti\u00f3 que \u201csi no se reacciona ahora habr\u00e1 una explosi\u00f3n social de proporciones. Ya no da m\u00e1s la pol\u00edtica del subsidio, los pescadores no son mendigos. Aqu\u00ed lo que se requiere es cirug\u00eda mayor\u201d.<\/em><\/p>\n<p style=\"text-align: justify;\"><em>\u201cLa ley Longueira fue apoyada con la promesa de ser la mejor Ley de pesca de la historia de Chile. Longueira se equivoc\u00f3 y el costo lo est\u00e1n pagando miles y miles de pescadores y sus familias\u201d.<\/em><\/p>\n<p style=\"text-align: justify;\">El Congresista dijo que <em>\u201cse acab\u00f3 el dise\u00f1o institucional de los pescadores c\u00f3mo los \u00faltimos cazadores del mundo. Aqu\u00ed se requiere un proceso de reconversi\u00f3n para un porcentaje de pescadores artesanales pase a ser cazadores sedentarios a trav\u00e9s de las Acuicultura y se dediquen a la crianza en tierra del producto marino\u201d.<\/em><\/p>\n<p style=\"text-align: justify;\">As\u00ed mismo el Senador de la Regi\u00f3n del Biob\u00edo dijo que<em> \u201clo que se requiere es avanzar hacia una nueva institucionalidad que supere la actual Subsecretaria de Pesca, impulsando iniciativas como la creaci\u00f3n del Ministerio del Mar y Acuicultura, idea que en un momento fue propuesta por el Presidente Salvador Allende, y que alcanz\u00f3 a ser aprobado en la C\u00e1mara de Diputados de aquel entonces\u201d.<\/em><\/p>\n<p style=\"text-align: justify;\"><em>\u201cUn pa\u00eds que posee m\u00e1s de 6.435 kil\u00f3metros de costa debe tener una institucionalidad a la altura para superar la crisis que actualmente sufren los pescadores artesanales\u201d<\/em>, indic\u00f3.<\/p>\n<p style=\"text-align: justify;\">Para finalizar el congresista se\u00f1al\u00f3 que <em>\u201cen lo urgente, es necesario que la Subsecretaria de Pesca salga del ministerio de Econom\u00eda, ya que este nada tiene que ver con el Mar. El ministerio de econom\u00eda s\u00f3lo incorpora criterios economicistas, raz\u00f3n por la cual, nuestros recursos han ca\u00eddo en la sobre sobre explotaci\u00f3n\u201d.<\/em><\/p>\n<p style=\"text-align: justify;\"><strong>FUENTE:<\/strong> Elciudadano.cl<\/p>\n","protected":false},"excerpt":{"rendered":"<p>Esta ma\u00f1ana las organizaciones sindicales y gremiales de pescadores y armadores artesanales de las comunas de Coronel, Lota, Talcahuano, Caleta El Morro, San Vicente, Caleta tumbes, Tom\u00e9 y Dichato llegaron hasta el Congreso Nacional en Valpara\u00edso para exponer su preocupaci\u00f3n debido a la pasividad con que la autoridad pesquera ha enfrentado la crisis que sufre [&hellip;]<\/p>\n","protected":false},"author":2,"featured_media":4283,"comment_status":"open","ping_status":"open","sticky":false,"template":"","format":"standard","meta":{"footnotes":""},"categories":[77,63,67],"tags":[1060,1375,1495],"class_list":["post-4282","post","type-post","status-publish","format-standard","has-post-thumbnail","hentry","category-internacionales","category-noticias","category-pesqueria","tag-ley-de-pesca","tag-pesca-industrial","tag-presidenta-bachelet"],"_links":{"self":[{"href":"https:\/\/www.perupesquero.org\/web\/wp-json\/wp\/v2\/posts\/4282","targetHints":{"allow":["GET"]}}],"collection":[{"href":"https:\/\/www.perupesquero.org\/web\/wp-json\/wp\/v2\/posts"}],"about":[{"href":"https:\/\/www.perupesquero.org\/web\/wp-json\/wp\/v2\/types\/post"}],"author":[{"embeddable":true,"href":"https:\/\/www.perupesquero.org\/web\/wp-json\/wp\/v2\/users\/2"}],"replies":[{"embeddable":true,"href":"https:\/\/www.perupesquero.org\/web\/wp-json\/wp\/v2\/comments?post=4282"}],"version-history":[{"count":0,"href":"https:\/\/www.perupesquero.org\/web\/wp-json\/wp\/v2\/posts\/4282\/revisions"}],"wp:featuredmedia":[{"embeddable":true,"href":"https:\/\/www.perupesquero.org\/web\/wp-json\/wp\/v2\/media\/4283"}],"wp:attachment":[{"href":"https:\/\/www.perupesquero.org\/web\/wp-json\/wp\/v2\/media?parent=4282"}],"wp:term":[{"taxonomy":"category","embeddable":true,"href":"https:\/\/www.perupesquero.org\/web\/wp-json\/wp\/v2\/categories?post=4282"},{"taxonomy":"post_tag","embeddable":true,"href":"https:\/\/www.perupesquero.org\/web\/wp-json\/wp\/v2\/tags?post=4282"}],"curies":[{"name":"wp","href":"https:\/\/api.w.org\/{rel}","templated":true}]}}