{"id":4277,"date":"2015-04-15T22:02:08","date_gmt":"2015-04-16T03:02:08","guid":{"rendered":"http:\/\/www.perupesquero.org\/?p=4277"},"modified":"2015-04-15T22:02:08","modified_gmt":"2015-04-16T03:02:08","slug":"adex-fenomeno-el-nino-genera-incertidumbre-en-exportadores","status":"publish","type":"post","link":"https:\/\/www.perupesquero.org\/web\/adex-fenomeno-el-nino-genera-incertidumbre-en-exportadores\/","title":{"rendered":"Adex: Fen\u00f3meno El Ni\u00f1o genera incertidumbre en exportadores"},"content":{"rendered":"<p style=\"text-align: justify;\">Existe incertidumbre en varios sectores exportadores por los efectos del fen\u00f3meno El Ni\u00f1o y el cambio clim\u00e1tico, desde la alteraci\u00f3n en el proceso de floraci\u00f3n de algunos cultivos hasta el retiro de las especies hidrobiol\u00f3gicas propias de agua fr\u00eda, dijo la Gerente central de Exportaciones de la Asociaci\u00f3n de Exportadores (Adex), Gabriela Guti\u00e9rrez.<\/p>\n<p style=\"text-align: justify;\">Se\u00f1al\u00f3 que los cultivos de frutas tendr\u00edan un desarrollo incierto por El Ni\u00f1o, que act\u00faa indirectamente en el clima. Sobre la Pesca indic\u00f3 que el cambio en la temperatura del agua origina que la Anchoveta se retire de las zonas habituales de captura, afectando la Pesca tradicional.<\/p>\n<p style=\"text-align: justify;\"><strong>FUENTE:<\/strong> Larepublica.pe<\/p>\n","protected":false},"excerpt":{"rendered":"<p>Existe incertidumbre en varios sectores exportadores por los efectos del fen\u00f3meno El Ni\u00f1o y el cambio clim\u00e1tico, desde la alteraci\u00f3n en el proceso de floraci\u00f3n de algunos cultivos hasta el retiro de las especies hidrobiol\u00f3gicas propias de agua fr\u00eda, dijo la Gerente central de Exportaciones de la Asociaci\u00f3n de Exportadores (Adex), Gabriela Guti\u00e9rrez. Se\u00f1al\u00f3 que [&hellip;]<\/p>\n","protected":false},"author":2,"featured_media":0,"comment_status":"open","ping_status":"open","sticky":false,"template":"","format":"standard","meta":{"footnotes":""},"categories":[78,63,67],"tags":[157,195,805],"class_list":["post-4277","post","type-post","status-publish","format-standard","hentry","category-nacionales","category-noticias","category-pesqueria","tag-adex","tag-anchoveta","tag-fenomeno-el-nino"],"_links":{"self":[{"href":"https:\/\/www.perupesquero.org\/web\/wp-json\/wp\/v2\/posts\/4277","targetHints":{"allow":["GET"]}}],"collection":[{"href":"https:\/\/www.perupesquero.org\/web\/wp-json\/wp\/v2\/posts"}],"about":[{"href":"https:\/\/www.perupesquero.org\/web\/wp-json\/wp\/v2\/types\/post"}],"author":[{"embeddable":true,"href":"https:\/\/www.perupesquero.org\/web\/wp-json\/wp\/v2\/users\/2"}],"replies":[{"embeddable":true,"href":"https:\/\/www.perupesquero.org\/web\/wp-json\/wp\/v2\/comments?post=4277"}],"version-history":[{"count":0,"href":"https:\/\/www.perupesquero.org\/web\/wp-json\/wp\/v2\/posts\/4277\/revisions"}],"wp:attachment":[{"href":"https:\/\/www.perupesquero.org\/web\/wp-json\/wp\/v2\/media?parent=4277"}],"wp:term":[{"taxonomy":"category","embeddable":true,"href":"https:\/\/www.perupesquero.org\/web\/wp-json\/wp\/v2\/categories?post=4277"},{"taxonomy":"post_tag","embeddable":true,"href":"https:\/\/www.perupesquero.org\/web\/wp-json\/wp\/v2\/tags?post=4277"}],"curies":[{"name":"wp","href":"https:\/\/api.w.org\/{rel}","templated":true}]}}