{"id":3935,"date":"2015-03-23T18:45:34","date_gmt":"2015-03-23T23:45:34","guid":{"rendered":"http:\/\/www.perupesquero.org\/?p=3935"},"modified":"2015-03-23T18:45:34","modified_gmt":"2015-03-23T23:45:34","slug":"gobierno-de-chile-niega-que-haya-propuesto-salida-al-mar-a-bolivia","status":"publish","type":"post","link":"https:\/\/www.perupesquero.org\/web\/gobierno-de-chile-niega-que-haya-propuesto-salida-al-mar-a-bolivia\/","title":{"rendered":"Gobierno de Chile niega que haya propuesto salida al Mar a Bolivia"},"content":{"rendered":"<p style=\"text-align: justify;\">El Gobierno de Chile desminti\u00f3 que durante el primer per\u00edodo presidencial de Michelle Bachelet se realizaron gestiones secretas para dar con una soluci\u00f3n a la demanda de Bolivia por tener una salida al mar, tal como afirmara previamente el presidente del pa\u00eds altipl\u00e1nico, Evo Morales.<\/p>\n<p>El Portavoz de La Moneda, \u00c1lvaro Elizalde subray\u00f3 que<em> &#8220;ni durante el primer gobierno de la Presidenta Bachelet, ni durante el segundo gobierno, Chile ha propuesto una salida soberana al Mar para Bolivia, eso no ha ocurrido jam\u00e1s y en eso queremos ser categ\u00f3ricos&#8221;.<\/em><\/p>\n<p>En declaraciones ofrecidas tras recibir un reconocimiento del Colegio de Abogados de la ciudad de Santa Cruz de la Sierra, Morales se refiri\u00f3 a las negociaciones se\u00f1alando que ambos Jefes de Estado nombraron delegados responsables para encontrar una soluci\u00f3n a la aspiraci\u00f3n mar\u00edtima boliviana.<\/p>\n<p>Elizalde replic\u00f3 reconociendo que en el pasado se revis\u00f3 una agenda de 13 puntos para un acercamiento con el pa\u00eds vecino, pero aclar\u00f3 que nunca se lleg\u00f3 a una negociaci\u00f3n secreta por una salida al Mar.<\/p>\n<p>Morales dijo que la delegada boliviana fue la ExPresidenta de la C\u00e1mara de Senadores, Ana Mar\u00eda Romero de Campero, fallecida en octubre de 2010.<br \/>\nY record\u00f3 que en aquel entonces exigi\u00f3 a Chile una propuesta<em> &#8220;oficial, legal y formal&#8221;<\/em> sobre la demanda mar\u00edtima, pero no obtuvo respuesta hasta que termin\u00f3 la primera gesti\u00f3n de Bachelet.<\/p>\n<p style=\"text-align: justify;\"><strong>FUENTE:<\/strong> Bbc.co.uk<\/p>\n","protected":false},"excerpt":{"rendered":"<p>El Gobierno de Chile desminti\u00f3 que durante el primer per\u00edodo presidencial de Michelle Bachelet se realizaron gestiones secretas para dar con una soluci\u00f3n a la demanda de Bolivia por tener una salida al mar, tal como afirmara previamente el presidente del pa\u00eds altipl\u00e1nico, Evo Morales. El Portavoz de La Moneda, \u00c1lvaro Elizalde subray\u00f3 que &#8220;ni [&hellip;]<\/p>\n","protected":false},"author":2,"featured_media":3936,"comment_status":"open","ping_status":"open","sticky":false,"template":"","format":"standard","meta":{"footnotes":""},"categories":[77,63],"tags":[251,1541],"class_list":["post-3935","post","type-post","status-publish","format-standard","has-post-thumbnail","hentry","category-internacionales","category-noticias","tag-aspiracion-maritima-boliviana","tag-propuesto-salida-al-mar-a-bolivia"],"_links":{"self":[{"href":"https:\/\/www.perupesquero.org\/web\/wp-json\/wp\/v2\/posts\/3935","targetHints":{"allow":["GET"]}}],"collection":[{"href":"https:\/\/www.perupesquero.org\/web\/wp-json\/wp\/v2\/posts"}],"about":[{"href":"https:\/\/www.perupesquero.org\/web\/wp-json\/wp\/v2\/types\/post"}],"author":[{"embeddable":true,"href":"https:\/\/www.perupesquero.org\/web\/wp-json\/wp\/v2\/users\/2"}],"replies":[{"embeddable":true,"href":"https:\/\/www.perupesquero.org\/web\/wp-json\/wp\/v2\/comments?post=3935"}],"version-history":[{"count":0,"href":"https:\/\/www.perupesquero.org\/web\/wp-json\/wp\/v2\/posts\/3935\/revisions"}],"wp:featuredmedia":[{"embeddable":true,"href":"https:\/\/www.perupesquero.org\/web\/wp-json\/wp\/v2\/media\/3936"}],"wp:attachment":[{"href":"https:\/\/www.perupesquero.org\/web\/wp-json\/wp\/v2\/media?parent=3935"}],"wp:term":[{"taxonomy":"category","embeddable":true,"href":"https:\/\/www.perupesquero.org\/web\/wp-json\/wp\/v2\/categories?post=3935"},{"taxonomy":"post_tag","embeddable":true,"href":"https:\/\/www.perupesquero.org\/web\/wp-json\/wp\/v2\/tags?post=3935"}],"curies":[{"name":"wp","href":"https:\/\/api.w.org\/{rel}","templated":true}]}}