{"id":3908,"date":"2015-03-20T15:14:07","date_gmt":"2015-03-20T20:14:07","guid":{"rendered":"http:\/\/www.perupesquero.org\/?p=3908"},"modified":"2015-03-20T15:14:07","modified_gmt":"2015-03-20T20:14:07","slug":"hay-posibilidades-de-un-fenomeno-de-el-nino-entre-abril-y-mayo","status":"publish","type":"post","link":"https:\/\/www.perupesquero.org\/web\/hay-posibilidades-de-un-fenomeno-de-el-nino-entre-abril-y-mayo\/","title":{"rendered":"Hay posibilidades de un Fen\u00f3meno de El Ni\u00f1o entre abril y mayo"},"content":{"rendered":"<p style=\"text-align: justify;\">Existe la posibilidad de la ocurrencia de un Fen\u00f3meno de El Ni\u00f1o d\u00e9bil sin efectos significativos a mediados de oto\u00f1o, alert\u00f3 el comit\u00e9 multisectorial encargado del Estudio Nacional del Fen\u00f3meno El Ni\u00f1o (Enfen).<\/p>\n<p>Esto, luego de que se analizara y actualizara la informaci\u00f3n de las condiciones metereol\u00f3gicas, oceanogr\u00e1ficas, biol\u00f3gico-pesqueras e hidrol\u00f3gicas recopiladas en la primera quincena de marzo apra determinar la ocurrencia de un Fen\u00f3meno de El Ni\u00f1o.<\/p>\n<p style=\"text-align: justify;\"><em>&#8220;En el Pac\u00edfico central-occidental, se han observado condiciones c\u00e1lidas superficiales, que habr\u00edan favorecido la formaci\u00f3n de un pulso de viento ecuatorial del oeste en la primera quincena de marzo, el cual podr\u00eda forzar una nueva onda Kelvin c\u00e1lida&#8221;,<\/em> precisaron en un comunicado.<\/p>\n<p style=\"text-align: justify;\">Este viento arribar\u00eda a nuestras costas entre los meses de abril y mayo. No obstante, si bien no se puede determinar a\u00fan su intensidad, se continuar\u00e1 con el monitoreo para observar su evoluci\u00f3n en las pr\u00f3ximas semanas y evaluar si desencadena en un Fen\u00f3meno de El Ni\u00f1o.<\/p>\n<p style=\"text-align: justify;\">En tanto, el an\u00e1lisis tambi\u00e9n arroj\u00f3 que los desembarques de Anchoveta en la Pesca artesanal del norte del pa\u00eds ( Paita, Chimbote y Pisco) obtuvieron ejemplares adultos, mientras que los del sur -dentro de las 10 millas- el recurso marino prevalente fue juvenil.<\/p>\n<p style=\"text-align: justify;\"><strong>FUENTE:<\/strong> Elcomercio.pe<\/p>\n","protected":false},"excerpt":{"rendered":"<p>Existe la posibilidad de la ocurrencia de un Fen\u00f3meno de El Ni\u00f1o d\u00e9bil sin efectos significativos a mediados de oto\u00f1o, alert\u00f3 el comit\u00e9 multisectorial encargado del Estudio Nacional del Fen\u00f3meno El Ni\u00f1o (Enfen). Esto, luego de que se analizara y actualizara la informaci\u00f3n de las condiciones metereol\u00f3gicas, oceanogr\u00e1ficas, biol\u00f3gico-pesqueras e hidrol\u00f3gicas recopiladas en la primera [&hellip;]<\/p>\n","protected":false},"author":2,"featured_media":3909,"comment_status":"open","ping_status":"open","sticky":false,"template":"","format":"standard","meta":{"footnotes":""},"categories":[78,63,67],"tags":[103,195,1354],"class_list":["post-3908","post","type-post","status-publish","format-standard","has-post-thumbnail","hentry","category-nacionales","category-noticias","category-pesqueria","tag-10-millas","tag-anchoveta","tag-pesca-artesanal"],"_links":{"self":[{"href":"https:\/\/www.perupesquero.org\/web\/wp-json\/wp\/v2\/posts\/3908","targetHints":{"allow":["GET"]}}],"collection":[{"href":"https:\/\/www.perupesquero.org\/web\/wp-json\/wp\/v2\/posts"}],"about":[{"href":"https:\/\/www.perupesquero.org\/web\/wp-json\/wp\/v2\/types\/post"}],"author":[{"embeddable":true,"href":"https:\/\/www.perupesquero.org\/web\/wp-json\/wp\/v2\/users\/2"}],"replies":[{"embeddable":true,"href":"https:\/\/www.perupesquero.org\/web\/wp-json\/wp\/v2\/comments?post=3908"}],"version-history":[{"count":0,"href":"https:\/\/www.perupesquero.org\/web\/wp-json\/wp\/v2\/posts\/3908\/revisions"}],"wp:featuredmedia":[{"embeddable":true,"href":"https:\/\/www.perupesquero.org\/web\/wp-json\/wp\/v2\/media\/3909"}],"wp:attachment":[{"href":"https:\/\/www.perupesquero.org\/web\/wp-json\/wp\/v2\/media?parent=3908"}],"wp:term":[{"taxonomy":"category","embeddable":true,"href":"https:\/\/www.perupesquero.org\/web\/wp-json\/wp\/v2\/categories?post=3908"},{"taxonomy":"post_tag","embeddable":true,"href":"https:\/\/www.perupesquero.org\/web\/wp-json\/wp\/v2\/tags?post=3908"}],"curies":[{"name":"wp","href":"https:\/\/api.w.org\/{rel}","templated":true}]}}