{"id":3903,"date":"2015-03-20T14:59:43","date_gmt":"2015-03-20T19:59:43","guid":{"rendered":"http:\/\/www.perupesquero.org\/?p=3903"},"modified":"2015-03-20T14:59:43","modified_gmt":"2015-03-20T19:59:43","slug":"piura-contaminacion-de-bahia-de-paita-en-la-mira-de-comision-parlamentaria","status":"publish","type":"post","link":"https:\/\/www.perupesquero.org\/web\/piura-contaminacion-de-bahia-de-paita-en-la-mira-de-comision-parlamentaria\/","title":{"rendered":"PIURA \u2013 Contaminaci\u00f3n de Bah\u00eda de Paita en la mira de comisi\u00f3n parlamentaria"},"content":{"rendered":"<p style=\"text-align: justify;\">La Comisi\u00f3n de Pueblos Andinos Amaz\u00f3nico, Afroperuanos, Ambiente y Ecolog\u00eda del Congreso de la Rep\u00fablica realizar\u00e1 ma\u00f1ana una sesi\u00f3n descentralizada en Piura para abordar la problem\u00e1tica de los residuos s\u00f3lidos y la contaminaci\u00f3n ambiental en la Regi\u00f3n.<\/p>\n<p style=\"text-align: justify;\">Siguiendo con la agenda de trabajo, dicho grupo parlamentario efectuar\u00e1 una audiencia p\u00fablica, el s\u00e1bado 21 de marzo, que tiene como tema de agenda la contaminaci\u00f3n de las Bah\u00edas de Paita, Talara y Sechura.<br \/>\nEse mismo d\u00eda, los Integrantes de la Comisi\u00f3n de Pueblos Andinos, Ambiente y Ecolog\u00eda realizar\u00e1 una inspecci\u00f3n a la Bah\u00eda de Paita (Piura) por las recurrentes denuncias de contaminaci\u00f3n por residuos industriales y aguas servidas que viene sufriendo el litoral norte\u00f1o.<\/p>\n<p style=\"text-align: justify;\"><em>\u201cEsta comisi\u00f3n tiene el encargo de fiscalizar todos los temas medioambientales. Por eso la importancia de inspeccionar y recoger todas las denuncias que existen en la regi\u00f3n, para hacer las gestiones que correspondan ante el ministerio de Ambiente y el Poder Ejecutivo. Y de ser posible conformar una comisi\u00f3n investigadora\u201d,<\/em> precis\u00f3 Federico Pariona, Titular de dicho grupo de trabajo.<\/p>\n<p style=\"text-align: justify;\">Sostuvo que el inadecuado manejo del tratamiento de residuos s\u00f3lidos y la falta de terrenos sanitarios es un tema recurrente en varias regiones del pa\u00eds, por lo que su gesti\u00f3n al frente de la Comisi\u00f3n de Pueblos Andinos, Ambiente y Ecolog\u00eda est\u00e1n prioriz\u00e1ndolas. No obstante, deben ser consideradas en la agenda del Gobierno.<\/p>\n<p style=\"text-align: justify;\">Sobre el alto grado de contaminaci\u00f3n en las bah\u00edas de Paita, Sechura y Talara, sostuvo que a la fecha hay 52 empresas pesqueras que vienen siendo investigadas, raz\u00f3n por la que se acord\u00f3 realizar una sesi\u00f3n descentralizada y audiencia p\u00fablica con el objetivo de recibir las demandas y quejas \u201cin situ\u201d de los pobladores.<\/p>\n<p style=\"text-align: justify;\">Sobre la sesi\u00f3n descentralizada que se realizar\u00e1 ma\u00f1ana en la Municipalidad Provincial de Piura dijo que el tema de agenda est\u00e1 relacionado a la problem\u00e1tica de los residuos s\u00f3lidos y la contaminaci\u00f3n ambiental de la Regi\u00f3n Piura.<\/p>\n<p style=\"text-align: justify;\">Adem\u00e1s, hizo una invocaci\u00f3n a los pescadores artesanales y pobladores para que acudan a la audiencia p\u00fablica del s\u00e1bado 21 que se realizar\u00e1 en el local de la municipalidad de Paita y tendr\u00e1 como tema de agenda la <em>\u201cContaminaci\u00f3n de las Bah\u00edas de Paita, Talara y Sechura&#8221;.<\/em><\/p>\n<p style=\"text-align: justify;\"><em>&#8220;Esta reuni\u00f3n permitir\u00e1 consensuar el di\u00e1logo entre las autoridades y la sociedad civil en la b\u00fasqueda de alternativas de soluci\u00f3n\u201d<\/em>, sentenci\u00f3 el legislador.<\/p>\n<p style=\"text-align: justify;\">Se\u00f1al\u00f3 que ambos encuentros contar\u00e1n con la participaci\u00f3n del Gobernador regional de Piura, Reynaldo Hilbck, los Congresistas Juan Castagnino, Karla Schaeffer, Alcaldes provinciales, distritales, Funcionarios del Ministerio del Ambiente, IMARPE, Digesa, Autoridad Nacional del Agua, Oefa, PRODUCE, y Diresa Piura.<\/p>\n<p style=\"text-align: justify;\">Adem\u00e1s, la participaci\u00f3n de representantes de la EPS Grau, industrias pesqueras y especialistas de la Fiscal\u00eda especializada en materia ambiental.<\/p>\n<p style=\"text-align: justify;\"><strong>FUENTE:<\/strong> Diariocorreo.pe<\/p>\n","protected":false},"excerpt":{"rendered":"<p>La Comisi\u00f3n de Pueblos Andinos Amaz\u00f3nico, Afroperuanos, Ambiente y Ecolog\u00eda del Congreso de la Rep\u00fablica realizar\u00e1 ma\u00f1ana una sesi\u00f3n descentralizada en Piura para abordar la problem\u00e1tica de los residuos s\u00f3lidos y la contaminaci\u00f3n ambiental en la Regi\u00f3n. Siguiendo con la agenda de trabajo, dicho grupo parlamentario efectuar\u00e1 una audiencia p\u00fablica, el s\u00e1bado 21 de marzo, [&hellip;]<\/p>\n","protected":false},"author":2,"featured_media":3899,"comment_status":"open","ping_status":"open","sticky":false,"template":"","format":"standard","meta":{"footnotes":""},"categories":[78,63],"tags":[270,641,915,1161,1257,1512],"class_list":["post-3903","post","type-post","status-publish","format-standard","has-post-thumbnail","hentry","category-nacionales","category-noticias","tag-autoridad-nacional-del-agua","tag-digesa","tag-imarpe","tag-ministerio-del-ambiente","tag-oefa","tag-produce"],"_links":{"self":[{"href":"https:\/\/www.perupesquero.org\/web\/wp-json\/wp\/v2\/posts\/3903","targetHints":{"allow":["GET"]}}],"collection":[{"href":"https:\/\/www.perupesquero.org\/web\/wp-json\/wp\/v2\/posts"}],"about":[{"href":"https:\/\/www.perupesquero.org\/web\/wp-json\/wp\/v2\/types\/post"}],"author":[{"embeddable":true,"href":"https:\/\/www.perupesquero.org\/web\/wp-json\/wp\/v2\/users\/2"}],"replies":[{"embeddable":true,"href":"https:\/\/www.perupesquero.org\/web\/wp-json\/wp\/v2\/comments?post=3903"}],"version-history":[{"count":0,"href":"https:\/\/www.perupesquero.org\/web\/wp-json\/wp\/v2\/posts\/3903\/revisions"}],"wp:featuredmedia":[{"embeddable":true,"href":"https:\/\/www.perupesquero.org\/web\/wp-json\/wp\/v2\/media\/3899"}],"wp:attachment":[{"href":"https:\/\/www.perupesquero.org\/web\/wp-json\/wp\/v2\/media?parent=3903"}],"wp:term":[{"taxonomy":"category","embeddable":true,"href":"https:\/\/www.perupesquero.org\/web\/wp-json\/wp\/v2\/categories?post=3903"},{"taxonomy":"post_tag","embeddable":true,"href":"https:\/\/www.perupesquero.org\/web\/wp-json\/wp\/v2\/tags?post=3903"}],"curies":[{"name":"wp","href":"https:\/\/api.w.org\/{rel}","templated":true}]}}