{"id":32760,"date":"2026-04-26T16:25:32","date_gmt":"2026-04-26T21:25:32","guid":{"rendered":"https:\/\/www.perupesquero.org\/web\/?p=32760"},"modified":"2026-04-26T16:25:46","modified_gmt":"2026-04-26T21:25:46","slug":"el-nino-2023-2024-por-que-no-se-intensifico-frente-al-peru-y-que-se-espera-en-2026","status":"publish","type":"post","link":"https:\/\/www.perupesquero.org\/web\/el-nino-2023-2024-por-que-no-se-intensifico-frente-al-peru-y-que-se-espera-en-2026\/","title":{"rendered":"El Ni\u00f1o 2023\u20132024: \u00bfPor qu\u00e9 no se intensific\u00f3 frente al Per\u00fa y qu\u00e9 se espera en 2026?"},"content":{"rendered":"<p>Durante 2023, diversas agencias nacionales e internacionales alertaron sobre la posible ocurrencia de un evento El Ni\u00f1o de gran intensidad hacia finales de ese a\u00f1o e inicios de 2024. No obstante, un an\u00e1lisis detallado de las condiciones oce\u00e1nicas y atmosf\u00e9ricas demuestra que este escenario no lleg\u00f3 a materializarse con fuerza en la costa peruana.<\/p>\n<p data-start=\"463\" data-end=\"855\">En primer lugar, uno de los factores determinantes fue el comportamiento de los vientos alisios en el Pac\u00edfico ecuatorial oeste (165\u00b0E). A diferencia de eventos hist\u00f3ricos como el de 1997, cuando se registraron inversiones prolongadas de estos vientos en esa zona -es decir, cambios en su direcci\u00f3n hacia Sudam\u00e9rica-, durante el primer semestre de 2023 dichas inversiones fueron pr\u00e1cticamente inexistentes (Icochea, 2025).<\/p>\n<p data-start=\"857\" data-end=\"1316\">En ese contexto, entre enero y junio, los vientos Alisios se mantuvieron predominantemente hacia el oeste, lo que impidi\u00f3 el desplazamiento de la denominada \u201cpiscina de agua caliente\u201d desde el Pac\u00edfico occidental hacia las costas del Per\u00fa. En consecuencia, esta situaci\u00f3n limit\u00f3 la formaci\u00f3n de ondas Kelvin de gran magnitud, las cuales son esenciales para transportar calor hacia el este y favorecer el desarrollo de eventos El Ni\u00f1o intensos.<\/p>\n<p data-start=\"1318\" data-end=\"1726\">Asimismo, entre marzo y abril de 2023 se produjo un calentamiento costero frente al litoral peruano. Sin embargo, este no estuvo vinculado al desplazamiento de aguas c\u00e1lidas desde el Pac\u00edfico occidental. M\u00e1s bien, se asocia al ingreso de aguas c\u00e1lidas desde el norte, posiblemente relacionado con un desplazamiento an\u00f3malo de la Zona de Convergencia Intertropical (ZCIT) desde Colombia y Ecuador.<\/p>\n<p data-start=\"1728\" data-end=\"2044\">Posteriormente, a partir de agosto se observaron algunas anomal\u00edas en los vientos y, en noviembre, se registraron inversiones puntuales. No obstante, estas fueron d\u00e9biles y poco persistentes; por lo tanto, resultaron insuficientes para generar un traslado significativo de aguas c\u00e1lidas hacia Sudam\u00e9rica.<\/p>\n<p data-start=\"2046\" data-end=\"2320\">Por otro lado, si bien en el Pac\u00edfico central -especialmente en la regi\u00f3n Ni\u00f1o 3.4- se registraron anomal\u00edas de temperatura superiores a 0,5 \u00b0C, cabe se\u00f1alar que estas no tuvieron un impacto relevante en la regi\u00f3n Ni\u00f1o 1+2, correspondiente a la zona costera peruana.<\/p>\n<p data-start=\"2322\" data-end=\"2663\">A inicios de 2024, las condiciones oceanogr\u00e1ficas ya hab\u00edan retornado a valores cercanos a lo normal, tal como algunos an\u00e1lisis hab\u00edan anticipado desde mediados de 2023. En este marco, la persistencia de vientos Alisios intensos hacia el oeste fue clave para evitar el desarrollo de un evento de gran magnitud frente al Per\u00fa.<\/p>\n<p data-start=\"2665\" data-end=\"2958\">En t\u00e9rminos generales, el periodo 2018\u20132024 no registr\u00f3 eventos ENOS extraordinarios en la regi\u00f3n. Si bien en noviembre de 2023 se observ\u00f3 una inversi\u00f3n puntual de los vientos, lo cierto es que esta no tuvo efectos significativos sobre el calentamiento del mar en la costa peruana.<\/p>\n<p data-start=\"2960\" data-end=\"3195\">En suma, este caso pone en evidencia la importancia de analizar las condiciones regionales de manera independiente, m\u00e1s all\u00e1 de los indicadores globales, a fin de comprender con mayor precisi\u00f3n la din\u00e1mica clim\u00e1tica en el pa\u00eds. En ese contexto, este 2026, es fundamental interpretar los pron\u00f3sticos con cautela, ya que, si bien se han observado episodios puntuales de inversi\u00f3n de los vientos Alisios, estos a\u00fan no muestran la intensidad ni la persistencia necesarias para sostener el desarrollo de un evento El Ni\u00f1o.<\/p>\n<p>Dato<\/p>\n<p>Los episodios de El Ni\u00f1o influyen en las temperaturas y alteran los patrones de precipitaci\u00f3n; adem\u00e1s, contribuyen al aumento de la temperatura media del planeta. En consecuencia, 2024 se consolid\u00f3 como el a\u00f1o m\u00e1s c\u00e1lido registrado, como resultado de la combinaci\u00f3n entre el evento El Ni\u00f1o 2023\u20132024 y el calentamiento global inducido por las emisiones de gases de efecto invernadero.<\/p>\n<p>&nbsp;<\/p>\n","protected":false},"excerpt":{"rendered":"<p>Durante 2023, diversas agencias nacionales e internacionales alertaron sobre la posible ocurrencia de un evento El Ni\u00f1o de gran intensidad hacia finales de ese a\u00f1o e inicios de 2024. No obstante, un an\u00e1lisis detallado de las condiciones oce\u00e1nicas y atmosf\u00e9ricas demuestra que este escenario no lleg\u00f3 a materializarse con fuerza en la costa peruana. En [&hellip;]<\/p>\n","protected":false},"author":2,"featured_media":32761,"comment_status":"open","ping_status":"open","sticky":false,"template":"","format":"standard","meta":{"footnotes":""},"categories":[63],"tags":[],"class_list":["post-32760","post","type-post","status-publish","format-standard","has-post-thumbnail","hentry","category-noticias"],"_links":{"self":[{"href":"https:\/\/www.perupesquero.org\/web\/wp-json\/wp\/v2\/posts\/32760","targetHints":{"allow":["GET"]}}],"collection":[{"href":"https:\/\/www.perupesquero.org\/web\/wp-json\/wp\/v2\/posts"}],"about":[{"href":"https:\/\/www.perupesquero.org\/web\/wp-json\/wp\/v2\/types\/post"}],"author":[{"embeddable":true,"href":"https:\/\/www.perupesquero.org\/web\/wp-json\/wp\/v2\/users\/2"}],"replies":[{"embeddable":true,"href":"https:\/\/www.perupesquero.org\/web\/wp-json\/wp\/v2\/comments?post=32760"}],"version-history":[{"count":1,"href":"https:\/\/www.perupesquero.org\/web\/wp-json\/wp\/v2\/posts\/32760\/revisions"}],"predecessor-version":[{"id":32762,"href":"https:\/\/www.perupesquero.org\/web\/wp-json\/wp\/v2\/posts\/32760\/revisions\/32762"}],"wp:featuredmedia":[{"embeddable":true,"href":"https:\/\/www.perupesquero.org\/web\/wp-json\/wp\/v2\/media\/32761"}],"wp:attachment":[{"href":"https:\/\/www.perupesquero.org\/web\/wp-json\/wp\/v2\/media?parent=32760"}],"wp:term":[{"taxonomy":"category","embeddable":true,"href":"https:\/\/www.perupesquero.org\/web\/wp-json\/wp\/v2\/categories?post=32760"},{"taxonomy":"post_tag","embeddable":true,"href":"https:\/\/www.perupesquero.org\/web\/wp-json\/wp\/v2\/tags?post=32760"}],"curies":[{"name":"wp","href":"https:\/\/api.w.org\/{rel}","templated":true}]}}