{"id":32757,"date":"2026-04-24T21:41:45","date_gmt":"2026-04-25T02:41:45","guid":{"rendered":"https:\/\/www.perupesquero.org\/web\/?p=32757"},"modified":"2026-04-24T21:41:45","modified_gmt":"2026-04-25T02:41:45","slug":"omm-en-mayo-habra-mayor-precision-sobre-la-formacion-de-el-nino","status":"publish","type":"post","link":"https:\/\/www.perupesquero.org\/web\/omm-en-mayo-habra-mayor-precision-sobre-la-formacion-de-el-nino\/","title":{"rendered":"OMM: En mayo habr\u00e1 mayor precisi\u00f3n sobre la formaci\u00f3n de El Ni\u00f1o"},"content":{"rendered":"<p>La <a href=\"https:\/\/wmo.int\/es\/media\/news\/la-organizacion-meteorologica-mundial-advierte-de-la-creciente-probabilidad-de-formacion-de-un\">Organizaci\u00f3n Meteorol\u00f3gica Mundia<\/a>l inform\u00f3 que a partir de mayo se contar\u00e1 con pron\u00f3sticos m\u00e1s precisos sobre la posible formaci\u00f3n de un nuevo episodio del fen\u00f3meno El Ni\u00f1o, cuya probabilidad viene en aumento de cara a mediados de 2026.<\/p>\n<p>De acuerdo con su m\u00e1s reciente bolet\u00edn sobre el clima estacional, los modelos clim\u00e1ticos coinciden en se\u00f1alar un cambio significativo en el Pac\u00edfico ecuatorial, donde las temperaturas de la superficie del mar est\u00e1n en r\u00e1pido ascenso. Este comportamiento sugiere que entre mayo y julio podr\u00edan consolidarse condiciones caracter\u00edsticas de El Ni\u00f1o.<\/p>\n<p>Sin embargo, la OMM advierte que los pron\u00f3sticos actuales a\u00fan presentan cierto grado de incertidumbre debido a la denominada \u201cbarrera de predictibilidad de la primavera\u201d, un periodo -entre marzo y abril- en el que disminuye la capacidad de los modelos para anticipar con exactitud la evoluci\u00f3n del sistema clim\u00e1tico. Superada esta fase, la confiabilidad de las proyecciones mejora sustancialmente, lo que permitir\u00e1 en mayo contar con evaluaciones m\u00e1s firmes.<\/p>\n<p>Wilfran Moufouma Okia, jefe de predicci\u00f3n clim\u00e1tica del organismo, se\u00f1al\u00f3 que los modelos apuntan \u201cclaramente en la misma direcci\u00f3n\u201d, con un alto nivel de confianza en la posible instauraci\u00f3n del evento, aunque su intensidad a\u00fan est\u00e1 por definirse.<\/p>\n<p>El fen\u00f3meno forma parte del sistema El Ni\u00f1o-Oscilaci\u00f3n del Sur, uno de los principales reguladores del clima global, caracterizado por el calentamiento de las aguas del Pac\u00edfico central y oriental. Suele presentarse cada dos a siete a\u00f1os y tiene una duraci\u00f3n promedio de entre nueve y doce meses.<\/p>\n<p>Impactos globales y se\u00f1ales de alerta<\/p>\n<p>La OMM anticipa que, en el pr\u00f3ximo trimestre, predominar\u00e1n temperaturas superiores a lo normal en gran parte del planeta, junto con alteraciones en los patrones de lluvia. Hist\u00f3ricamente, El Ni\u00f1o est\u00e1 asociado con precipitaciones intensas en regiones como el sur de Am\u00e9rica del Sur, el sur de Estados Unidos, el Cuerno de \u00c1frica y Asia central, mientras que provoca sequ\u00edas en Australia, Indonesia y zonas del sur de Asia.<\/p>\n<p>Asimismo, durante el verano del hemisferio norte, el calentamiento del oc\u00e9ano puede intensificar la actividad cicl\u00f3nica en el Pac\u00edfico, al tiempo que reduce la formaci\u00f3n de huracanes en el Atl\u00e1ntico.<\/p>\n<p>El organismo record\u00f3 que 2024 fue el a\u00f1o m\u00e1s c\u00e1lido registrado a nivel global, resultado de la combinaci\u00f3n entre el evento El Ni\u00f1o 2023-2024 y el calentamiento clim\u00e1tico impulsado por las emisiones de gases de efecto invernadero.<\/p>\n<p>Aunque no existen evidencias concluyentes de que el cambio clim\u00e1tico incremente la frecuencia o intensidad de estos eventos, s\u00ed puede amplificar sus efectos, generando fen\u00f3menos m\u00e1s extremos como olas de calor, lluvias intensas o sequ\u00edas prolongadas.<\/p>\n<p>Preparaci\u00f3n y pr\u00f3ximos reportes<\/p>\n<p>Ante este escenario, la OMM subray\u00f3 la importancia de los pron\u00f3sticos estacionales para la planificaci\u00f3n en sectores clave como la agricultura, la gesti\u00f3n de recursos h\u00eddricos, la energ\u00eda y la salud.<\/p>\n<p>En ese contexto, anunci\u00f3 que a finales de mayo publicar\u00e1 una nueva edici\u00f3n del informe \u201cEl Ni\u00f1o\/La Ni\u00f1a Hoy\u201d, que ofrecer\u00e1 proyecciones m\u00e1s precisas para el periodo junio-agosto, basadas en el consenso de expertos y en los aportes de centros internacionales, incluido el Instituto Internacional de Investigaci\u00f3n sobre el Clima y la Sociedad.<\/p>\n<p>Las autoridades instan a los gobiernos y sectores productivos a mantenerse vigilantes y reforzar sus estrategias de prevenci\u00f3n ante los posibles impactos de este fen\u00f3meno clim\u00e1tico en los pr\u00f3ximos meses.<\/p>\n<p>&nbsp;<\/p>\n","protected":false},"excerpt":{"rendered":"<p>La Organizaci\u00f3n Meteorol\u00f3gica Mundial inform\u00f3 que a partir de mayo se contar\u00e1 con pron\u00f3sticos m\u00e1s precisos sobre la posible formaci\u00f3n de un nuevo episodio del fen\u00f3meno El Ni\u00f1o, cuya probabilidad viene en aumento de cara a mediados de 2026. De acuerdo con su m\u00e1s reciente bolet\u00edn sobre el clima estacional, los modelos clim\u00e1ticos coinciden en [&hellip;]<\/p>\n","protected":false},"author":2,"featured_media":32758,"comment_status":"open","ping_status":"open","sticky":false,"template":"","format":"standard","meta":{"footnotes":""},"categories":[63],"tags":[],"class_list":["post-32757","post","type-post","status-publish","format-standard","has-post-thumbnail","hentry","category-noticias"],"_links":{"self":[{"href":"https:\/\/www.perupesquero.org\/web\/wp-json\/wp\/v2\/posts\/32757","targetHints":{"allow":["GET"]}}],"collection":[{"href":"https:\/\/www.perupesquero.org\/web\/wp-json\/wp\/v2\/posts"}],"about":[{"href":"https:\/\/www.perupesquero.org\/web\/wp-json\/wp\/v2\/types\/post"}],"author":[{"embeddable":true,"href":"https:\/\/www.perupesquero.org\/web\/wp-json\/wp\/v2\/users\/2"}],"replies":[{"embeddable":true,"href":"https:\/\/www.perupesquero.org\/web\/wp-json\/wp\/v2\/comments?post=32757"}],"version-history":[{"count":1,"href":"https:\/\/www.perupesquero.org\/web\/wp-json\/wp\/v2\/posts\/32757\/revisions"}],"predecessor-version":[{"id":32759,"href":"https:\/\/www.perupesquero.org\/web\/wp-json\/wp\/v2\/posts\/32757\/revisions\/32759"}],"wp:featuredmedia":[{"embeddable":true,"href":"https:\/\/www.perupesquero.org\/web\/wp-json\/wp\/v2\/media\/32758"}],"wp:attachment":[{"href":"https:\/\/www.perupesquero.org\/web\/wp-json\/wp\/v2\/media?parent=32757"}],"wp:term":[{"taxonomy":"category","embeddable":true,"href":"https:\/\/www.perupesquero.org\/web\/wp-json\/wp\/v2\/categories?post=32757"},{"taxonomy":"post_tag","embeddable":true,"href":"https:\/\/www.perupesquero.org\/web\/wp-json\/wp\/v2\/tags?post=32757"}],"curies":[{"name":"wp","href":"https:\/\/api.w.org\/{rel}","templated":true}]}}