{"id":3261,"date":"2015-01-30T14:44:18","date_gmt":"2015-01-30T19:44:18","guid":{"rendered":"http:\/\/www.perupesquero.org\/?p=3261"},"modified":"2015-01-30T14:44:18","modified_gmt":"2015-01-30T19:44:18","slug":"espana-pescadores-y-gobierno-abordaran-la-cuota-del-atun-rojo","status":"publish","type":"post","link":"https:\/\/www.perupesquero.org\/web\/espana-pescadores-y-gobierno-abordaran-la-cuota-del-atun-rojo\/","title":{"rendered":"ESPA\u00d1A &#8211; Pescadores y Gobierno abordar\u00e1n la cuota del At\u00fan rojo"},"content":{"rendered":"<p style=\"text-align: justify;\">Pescadores de diferentes cofrad\u00edas y organizaciones del Archipi\u00e9lago y el Gobierno auton\u00f3mico celebrar\u00e1n hoy una reuni\u00f3n para abordar la cuota de Pesca del At\u00fan rojo en las Islas, un asunto que no es competencia del Ejecutivo regional, pero que debido a la preocupaci\u00f3n que genera en este colectivo, la Administraci\u00f3n regional quiere debatir para explicar sus actuaciones previas y conocer las reivindicaciones del sector.<\/p>\n<p style=\"text-align: justify;\">En la actualidad, la cuota de captura para Canarias es del 1,2% del cupo nacional -que es de unas 3.000 toneladas-, por lo que la cantidad permitida a las Islas equivale a 29 toneladas, si bien el fondo de maniobra que gestiona el Ministerio de Agricultura, Alimentaci\u00f3n y Medio Ambiente ampli\u00f3 el tope en otro tanto -hasta las 58 toneladas anuales- en 2013 y 2014. La flota canaria est\u00e1 integrada por unos 180 barcos que, la \u00faltima vez, cubrieron en d\u00eda y medio todo el cupo anual, pese a que emplea m\u00e9todos artesanales.<\/p>\n<p style=\"text-align: justify;\">El Partido Popular pide llevar la cuota &#8220;al menos&#8221; a 100 toneladas, pero los pescadores piden de 300 a 500.<\/p>\n<p style=\"text-align: justify;\"><strong>FUENTE:<\/strong> Fis.com<\/p>\n","protected":false},"excerpt":{"rendered":"<p>Pescadores de diferentes cofrad\u00edas y organizaciones del Archipi\u00e9lago y el Gobierno auton\u00f3mico celebrar\u00e1n hoy una reuni\u00f3n para abordar la cuota de Pesca del At\u00fan rojo en las Islas, un asunto que no es competencia del Ejecutivo regional, pero que debido a la preocupaci\u00f3n que genera en este colectivo, la Administraci\u00f3n regional quiere debatir para explicar [&hellip;]<\/p>\n","protected":false},"author":2,"featured_media":0,"comment_status":"open","ping_status":"open","sticky":false,"template":"","format":"standard","meta":{"footnotes":""},"categories":[77,63],"tags":[260],"class_list":["post-3261","post","type-post","status-publish","format-standard","hentry","category-internacionales","category-noticias","tag-atun-rojo"],"_links":{"self":[{"href":"https:\/\/www.perupesquero.org\/web\/wp-json\/wp\/v2\/posts\/3261","targetHints":{"allow":["GET"]}}],"collection":[{"href":"https:\/\/www.perupesquero.org\/web\/wp-json\/wp\/v2\/posts"}],"about":[{"href":"https:\/\/www.perupesquero.org\/web\/wp-json\/wp\/v2\/types\/post"}],"author":[{"embeddable":true,"href":"https:\/\/www.perupesquero.org\/web\/wp-json\/wp\/v2\/users\/2"}],"replies":[{"embeddable":true,"href":"https:\/\/www.perupesquero.org\/web\/wp-json\/wp\/v2\/comments?post=3261"}],"version-history":[{"count":0,"href":"https:\/\/www.perupesquero.org\/web\/wp-json\/wp\/v2\/posts\/3261\/revisions"}],"wp:attachment":[{"href":"https:\/\/www.perupesquero.org\/web\/wp-json\/wp\/v2\/media?parent=3261"}],"wp:term":[{"taxonomy":"category","embeddable":true,"href":"https:\/\/www.perupesquero.org\/web\/wp-json\/wp\/v2\/categories?post=3261"},{"taxonomy":"post_tag","embeddable":true,"href":"https:\/\/www.perupesquero.org\/web\/wp-json\/wp\/v2\/tags?post=3261"}],"curies":[{"name":"wp","href":"https:\/\/api.w.org\/{rel}","templated":true}]}}