{"id":3258,"date":"2015-01-30T13:31:49","date_gmt":"2015-01-30T18:31:49","guid":{"rendered":"http:\/\/www.perupesquero.org\/?p=3258"},"modified":"2015-01-30T13:31:49","modified_gmt":"2015-01-30T18:31:49","slug":"arequipa-camaroneros-inician-huelga-de-hambre","status":"publish","type":"post","link":"https:\/\/www.perupesquero.org\/web\/arequipa-camaroneros-inician-huelga-de-hambre\/","title":{"rendered":"Arequipa &#8211; Camaroneros inician huelga de hambre"},"content":{"rendered":"<p style=\"text-align: justify;\">Un grupo de camaroneros del Distrito de Oco\u00f1a, Provincia de Caman\u00e1, llegaron hasta el atrio de la Catedral de Arequipa para iniciar una huelga de hambre en rechazo a la construcci\u00f3n de una central hidroel\u00e9ctrica en la zona.<\/p>\n<p style=\"text-align: justify;\">La medida de protesta fue iniciada debido a que nos son escuchados por las autoridades, poni\u00e9ndose en riesgo la desaparici\u00f3n del Camar\u00f3n.<\/p>\n<p style=\"text-align: justify;\">Seg\u00fan refirieron, el proyecto ya debi\u00f3 ser declarado en \u2018abandono\u2019 por no cumplir con levantarse las observaciones; adem\u00e1s que, atenta contra la riqueza natural de la Regi\u00f3n; sin embargo, las obras contin\u00faan en el lugar.<\/p>\n<p style=\"text-align: justify;\">Los manifestantes aseguraron que cumplir\u00e1n con su radicalizada medida de protesta hasta que su reclamo sea atendido.<\/p>\n<p style=\"text-align: justify;\"><strong>FUENTE:<\/strong> Rpp.com.pe<\/p>\n","protected":false},"excerpt":{"rendered":"<p>Un grupo de camaroneros del Distrito de Oco\u00f1a, Provincia de Caman\u00e1, llegaron hasta el atrio de la Catedral de Arequipa para iniciar una huelga de hambre en rechazo a la construcci\u00f3n de una central hidroel\u00e9ctrica en la zona. La medida de protesta fue iniciada debido a que nos son escuchados por las autoridades, poni\u00e9ndose en [&hellip;]<\/p>\n","protected":false},"author":2,"featured_media":3259,"comment_status":"open","ping_status":"open","sticky":false,"template":"","format":"standard","meta":{"footnotes":""},"categories":[78,63,67],"tags":[393,890],"class_list":["post-3258","post","type-post","status-publish","format-standard","has-post-thumbnail","hentry","category-nacionales","category-noticias","category-pesqueria","tag-camaroneros","tag-helga"],"_links":{"self":[{"href":"https:\/\/www.perupesquero.org\/web\/wp-json\/wp\/v2\/posts\/3258","targetHints":{"allow":["GET"]}}],"collection":[{"href":"https:\/\/www.perupesquero.org\/web\/wp-json\/wp\/v2\/posts"}],"about":[{"href":"https:\/\/www.perupesquero.org\/web\/wp-json\/wp\/v2\/types\/post"}],"author":[{"embeddable":true,"href":"https:\/\/www.perupesquero.org\/web\/wp-json\/wp\/v2\/users\/2"}],"replies":[{"embeddable":true,"href":"https:\/\/www.perupesquero.org\/web\/wp-json\/wp\/v2\/comments?post=3258"}],"version-history":[{"count":0,"href":"https:\/\/www.perupesquero.org\/web\/wp-json\/wp\/v2\/posts\/3258\/revisions"}],"wp:featuredmedia":[{"embeddable":true,"href":"https:\/\/www.perupesquero.org\/web\/wp-json\/wp\/v2\/media\/3259"}],"wp:attachment":[{"href":"https:\/\/www.perupesquero.org\/web\/wp-json\/wp\/v2\/media?parent=3258"}],"wp:term":[{"taxonomy":"category","embeddable":true,"href":"https:\/\/www.perupesquero.org\/web\/wp-json\/wp\/v2\/categories?post=3258"},{"taxonomy":"post_tag","embeddable":true,"href":"https:\/\/www.perupesquero.org\/web\/wp-json\/wp\/v2\/tags?post=3258"}],"curies":[{"name":"wp","href":"https:\/\/api.w.org\/{rel}","templated":true}]}}