{"id":3244,"date":"2015-01-29T10:25:44","date_gmt":"2015-01-29T15:25:44","guid":{"rendered":"http:\/\/www.perupesquero.org\/?p=3244"},"modified":"2015-01-29T10:25:44","modified_gmt":"2015-01-29T15:25:44","slug":"fao-presenta-plan-de-seguridad-alimentaria-para-erradicar-el-hambre-en-america-latina-y-el-caribe","status":"publish","type":"post","link":"https:\/\/www.perupesquero.org\/web\/fao-presenta-plan-de-seguridad-alimentaria-para-erradicar-el-hambre-en-america-latina-y-el-caribe\/","title":{"rendered":"FAO presenta plan de seguridad alimentaria para erradicar el hambre en Am\u00e9rica Latina y el Caribe"},"content":{"rendered":"<p>&nbsp;<\/p>\n<p><a href=\"http:\/\/www.perupesquero.org\/wp-content\/uploads\/2015\/01\/direc-fao.jpg\"><img loading=\"lazy\" decoding=\"async\" class=\"wp-image-3245 aligncenter\" src=\"http:\/\/www.perupesquero.org\/wp-content\/uploads\/2015\/01\/direc-fao.jpg\" alt=\"direc-fao\" width=\"283\" height=\"184\" \/><\/a><\/p>\n<p style=\"text-align: justify;\">Durante su participaci\u00f3n en la reuni\u00f3n de Ministros de Relaciones Exteriores, en el marco de la III Cumbre de la Comunidad de Estados Latinoamericanos y el Caribe, Jos\u00e9 Graziano Da Silva, Director General de la FAO, present\u00f3 el <strong>Plan para la Seguridad Alimentaria, Nutrici\u00f3n y Erradicaci\u00f3n del Hambre 2025 de la CELAC.<\/strong><\/p>\n<p style=\"text-align: justify;\"><em>\u201cEsta propuesta es una herramienta para ayudar a los pa\u00edses de la CELAC a dise\u00f1ar planes nacionales para transformar en realidad el compromiso ya asumido de erradicar el hambre y la pobreza extrema en la Regi\u00f3n\u201d<\/em>, manifest\u00f3 Graziano Da Silva.<\/p>\n<p style=\"text-align: justify;\">El plan, desarrollado por la FAO con el apoyo de la Asociaci\u00f3n Latinoamericana de Integraci\u00f3n (ALADI) y la Comisi\u00f3n Econ\u00f3mica para Am\u00e9rica Latina y el Caribe (CEPAL) a solicitud de la II Cumbre de la CELAC, se basa en cuatro pilares que abordan las tem\u00e1ticas de: coordinaci\u00f3n de estrategias a nivel nacional y regional, con enfoque de g\u00e9nero; acceso oportuno y sostenible a alimentos inocuos y nutritivos; ampliaci\u00f3n de los programas de alimentaci\u00f3n escolar priorizando una atenci\u00f3n a todas las formas de malnutrici\u00f3n, desde la subalimentaci\u00f3n hasta la obesidad y, finalmente, la estabilidad en la producci\u00f3n y enfrentamiento oportuno a los problemas que presenta el cambio clim\u00e1tico.<\/p>\n<p style=\"text-align: justify;\">El plan sistematiza las experiencias exitosas de la Regi\u00f3n para facilitar su aplicaci\u00f3n en otras regiones del mundo e identifica los potenciales v\u00ednculos entre distintas \u00e1reas que pueden generar c\u00edrculos virtuosos de desarrollo. Un ejemplo de ello es la vinculaci\u00f3n de la Agricultura familiar con la alimentaci\u00f3n escolar, as\u00ed como el uso de los programas de transferencias de ingresos para que las comunidades rurales se puedan beneficiar gracias al incremento de la producci\u00f3n local.<\/p>\n<p style=\"text-align: justify;\"><span style=\"text-decoration: underline;\"><strong>Logros de Am\u00e9rica Latina y el Caribe en la lucha contra el hambre<\/strong><\/span><\/p>\n<p style=\"text-align: justify;\">Seg\u00fan la FAO, Am\u00e9rica Latina y el Caribe es la \u00fanica Regi\u00f3n del mundo que ya alcanz\u00f3 la meta del Primer Objetivo de Desarrollo del Milenio de reducir a la mitad la proporci\u00f3n de personas que sufren hambre para el a\u00f1o 2015 a m\u00e1s tardar. Asimismo, la regi\u00f3n est\u00e1 a las puertas de lograr tambi\u00e9n el objetivo de la Cumbre Mundial de la Alimentaci\u00f3n de reducir a la mitad el n\u00famero total de personas subalimentadas.<\/p>\n<p style=\"text-align: justify;\">Ra\u00fal Ben\u00edtez, Representante de la FAO para Am\u00e9rica Latina y el Caribe, destac\u00f3 que <em>\u201clo que distingue a Am\u00e9rica Latina y el Caribe es el nivel de compromiso pol\u00edtico que existe con la seguridad alimentaria, que se expresa en una diversidad de estrategias y pol\u00edticas p\u00fablicas focalizadas en las poblaciones vulnerables.\u201d<\/em><\/p>\n<p style=\"text-align: justify;\">Ben\u00edtez record\u00f3 que la Regi\u00f3n fue pionera en su propuesta de erradicar el hambre antes del a\u00f1o 2025, dando forma a la Iniciativa Am\u00e9rica Latina y Caribe sin Hambre (IALCSH), un compromiso pol\u00edtico asumido por todos los pa\u00edses de la Regi\u00f3n en 2005.<\/p>\n<p style=\"text-align: justify;\"><strong>FUENTE:<\/strong> Fao.org<\/p>\n","protected":false},"excerpt":{"rendered":"<p>&nbsp; Durante su participaci\u00f3n en la reuni\u00f3n de Ministros de Relaciones Exteriores, en el marco de la III Cumbre de la Comunidad de Estados Latinoamericanos y el Caribe, Jos\u00e9 Graziano Da Silva, Director General de la FAO, present\u00f3 el Plan para la Seguridad Alimentaria, Nutrici\u00f3n y Erradicaci\u00f3n del Hambre 2025 de la CELAC. \u201cEsta propuesta [&hellip;]<\/p>\n","protected":false},"author":2,"featured_media":0,"comment_status":"open","ping_status":"open","sticky":false,"template":"","format":"standard","meta":{"footnotes":""},"categories":[77,63],"tags":[425],"class_list":["post-3244","post","type-post","status-publish","format-standard","hentry","category-internacionales","category-noticias","tag-celac"],"_links":{"self":[{"href":"https:\/\/www.perupesquero.org\/web\/wp-json\/wp\/v2\/posts\/3244","targetHints":{"allow":["GET"]}}],"collection":[{"href":"https:\/\/www.perupesquero.org\/web\/wp-json\/wp\/v2\/posts"}],"about":[{"href":"https:\/\/www.perupesquero.org\/web\/wp-json\/wp\/v2\/types\/post"}],"author":[{"embeddable":true,"href":"https:\/\/www.perupesquero.org\/web\/wp-json\/wp\/v2\/users\/2"}],"replies":[{"embeddable":true,"href":"https:\/\/www.perupesquero.org\/web\/wp-json\/wp\/v2\/comments?post=3244"}],"version-history":[{"count":0,"href":"https:\/\/www.perupesquero.org\/web\/wp-json\/wp\/v2\/posts\/3244\/revisions"}],"wp:attachment":[{"href":"https:\/\/www.perupesquero.org\/web\/wp-json\/wp\/v2\/media?parent=3244"}],"wp:term":[{"taxonomy":"category","embeddable":true,"href":"https:\/\/www.perupesquero.org\/web\/wp-json\/wp\/v2\/categories?post=3244"},{"taxonomy":"post_tag","embeddable":true,"href":"https:\/\/www.perupesquero.org\/web\/wp-json\/wp\/v2\/tags?post=3244"}],"curies":[{"name":"wp","href":"https:\/\/api.w.org\/{rel}","templated":true}]}}