{"id":3120,"date":"2015-01-20T11:43:26","date_gmt":"2015-01-20T16:43:26","guid":{"rendered":"http:\/\/www.perupesquero.org\/?p=3120"},"modified":"2015-01-20T11:43:26","modified_gmt":"2015-01-20T16:43:26","slug":"ica-anuncian-paro-de-pescadores-de-pisco","status":"publish","type":"post","link":"https:\/\/www.perupesquero.org\/web\/ica-anuncian-paro-de-pescadores-de-pisco\/","title":{"rendered":"ICA &#8211; Anuncian paro de pescadores de Pisco"},"content":{"rendered":"<p style=\"text-align: justify;\">Un paro provincial se realizar\u00e1 en Pisco si el Ministerio de la Producci\u00f3n no deroga la Resoluci\u00f3n Ministerial N\u00ba 009 &#8211; 2015 &#8211; PRODUCE que autoriza temporalmente la Pesca industrial de Bonito, Agujilla y Jurel fino, anunciaron los pescadores artesanales durante la jornada de protesta que realizaron en Pisco.<\/p>\n<p style=\"text-align: justify;\">La jornada de protesta se inici\u00f3 desde muy temprano en las instalaciones del Desembarcadero Pesquero Artesanal en el Distrito de San Andr\u00e9s y luego recorrieron las calles de este Distrito para enseguida salir en compa\u00f1\u00eda de sus esposas e hijos con destino al centro de la Ciudad.<\/p>\n<p style=\"text-align: justify;\"><strong>LA MARCHA.<\/strong> Ellos se desplazaron a lo largo de las avenidas Genaro Medrano, Las Am\u00e9ricas y luego hasta la plaza de Armas donde se concentraron en un mitin central e hicieron uso de la palabra los Dirigentes de los diferentes gremios de Pescadores artesanales y maricultures de Pisco.<\/p>\n<p style=\"text-align: justify;\">\u0093Esta norma autoriza a la Flota industrial la Pesca de Bonito, Agujilla y Jurel fino, antes las empresas industriales capturaban Anchoveta y conjuntamente con la Anchoveta depredaban otras especies, hoy en d\u00eda el Estado est\u00e1 dando carta abierta para la Pesca industrial\u0094, expres\u00f3 el Dirigente de los pescadores artesanales, Luis Camacho.<\/p>\n<p style=\"text-align: justify;\"><strong>SE SUMAN M\u00c1S.<\/strong> La marcha se vio fortalecida con la presencia de los Dirigentes de los pescadores artesanales del Puerto de Cerro Azul y Pucusana quienes llegaron hasta Pisco exigiendo la derogatoria de dicha Resoluci\u00f3n.<\/p>\n<p style=\"text-align: justify;\">La marcha tambi\u00e9n fue respaldada por el Alcalde del Distrito de San Andr\u00e9s, Jes\u00fas Ramos Medina. \u0093Como Alcalde reafirmo mi compromiso p\u00fablico de respaldar esta lucha por que las causas son justas, como hijo de pescador me siento indignado, preocupado por esto que est\u00e1 pasando y desde aqu\u00ed quiero pedir al Presidente de la Rep\u00fablica, Ollanta Humala, derogar esta Resoluci\u00f3n, \u0093 expres\u00f3 Ramos.<\/p>\n<p style=\"text-align: justify;\"><strong>FUENTE:<\/strong> Diariocorreo.pe<\/p>\n","protected":false},"excerpt":{"rendered":"<p>Un paro provincial se realizar\u00e1 en Pisco si el Ministerio de la Producci\u00f3n no deroga la Resoluci\u00f3n Ministerial N\u00ba 009 &#8211; 2015 &#8211; PRODUCE que autoriza temporalmente la Pesca industrial de Bonito, Agujilla y Jurel fino, anunciaron los pescadores artesanales durante la jornada de protesta que realizaron en Pisco. La jornada de protesta se inici\u00f3 [&hellip;]<\/p>\n","protected":false},"author":2,"featured_media":3121,"comment_status":"open","ping_status":"open","sticky":false,"template":"","format":"standard","meta":{"footnotes":""},"categories":[1],"tags":[195,218,341,989],"class_list":["post-3120","post","type-post","status-publish","format-standard","has-post-thumbnail","hentry","category-sin-categoria","tag-anchoveta","tag-anuncian-paro-de-pescadores-de-pisco","tag-bonito","tag-jurel-fino"],"_links":{"self":[{"href":"https:\/\/www.perupesquero.org\/web\/wp-json\/wp\/v2\/posts\/3120","targetHints":{"allow":["GET"]}}],"collection":[{"href":"https:\/\/www.perupesquero.org\/web\/wp-json\/wp\/v2\/posts"}],"about":[{"href":"https:\/\/www.perupesquero.org\/web\/wp-json\/wp\/v2\/types\/post"}],"author":[{"embeddable":true,"href":"https:\/\/www.perupesquero.org\/web\/wp-json\/wp\/v2\/users\/2"}],"replies":[{"embeddable":true,"href":"https:\/\/www.perupesquero.org\/web\/wp-json\/wp\/v2\/comments?post=3120"}],"version-history":[{"count":0,"href":"https:\/\/www.perupesquero.org\/web\/wp-json\/wp\/v2\/posts\/3120\/revisions"}],"wp:featuredmedia":[{"embeddable":true,"href":"https:\/\/www.perupesquero.org\/web\/wp-json\/wp\/v2\/media\/3121"}],"wp:attachment":[{"href":"https:\/\/www.perupesquero.org\/web\/wp-json\/wp\/v2\/media?parent=3120"}],"wp:term":[{"taxonomy":"category","embeddable":true,"href":"https:\/\/www.perupesquero.org\/web\/wp-json\/wp\/v2\/categories?post=3120"},{"taxonomy":"post_tag","embeddable":true,"href":"https:\/\/www.perupesquero.org\/web\/wp-json\/wp\/v2\/tags?post=3120"}],"curies":[{"name":"wp","href":"https:\/\/api.w.org\/{rel}","templated":true}]}}