{"id":2224,"date":"2014-10-17T17:24:26","date_gmt":"2014-10-17T22:24:26","guid":{"rendered":"http:\/\/www.perupesquero.org\/?p=2224"},"modified":"2014-10-17T17:24:26","modified_gmt":"2014-10-17T22:24:26","slug":"pesca-y-agro-seran-los-mas-afectados-por-el-cambio-climatico","status":"publish","type":"post","link":"https:\/\/www.perupesquero.org\/web\/pesca-y-agro-seran-los-mas-afectados-por-el-cambio-climatico\/","title":{"rendered":"Pesca y agro ser\u00e1n los m\u00e1s afectados por el cambio clim\u00e1tico"},"content":{"rendered":"<p style=\"text-align: justify;\">El Per\u00fa es uno de los pa\u00edses m\u00e1s vulnerables a los impactos del cambio clim\u00e1tico en los sectores de Pesca y Agricultura, afirm\u00f3 ayer el Presidente del Panel Intergubernamental de Cambio Clim\u00e1tico (IPCC) y premio Nobel de la Paz 2007, Rajendra K. Pachauri.<\/p>\n<p style=\"text-align: justify;\"><em>\u201cDebido al calentamiento global, los peces se mover\u00e1n a otras \u00e1reas. Eso generar\u00e1 problemas sociales en la poblaci\u00f3n que se ha desarrollado en cierta parte del litoral\u201d<\/em>, sostuvo en su conferencia magistral en el marco del taller internacional para periodistas previo a la COP20, organizado por el Ministerio del Ambiente (Minam).<\/p>\n<p style=\"text-align: justify;\">Igualmente, coment\u00f3 que el cambio clim\u00e1tico puede incrementar las enfermedades de las plantas; en especial, en un cultivo muy vital para los peruanos, como es la papa.<\/p>\n<p style=\"text-align: justify;\"><em>\u201cDebemos aprender a adaptar y mitigar los cambios que lamentablemente ya se est\u00e1n dando y se seguir\u00edan dando por muchos a\u00f1os debido a la concentraci\u00f3n de gases invernadero\u201d<\/em>, afirm\u00f3 Pachauri.<\/p>\n<p style=\"text-align: justify;\">En el simposio cient\u00edfico Cambio Clim\u00e1tico y Seguridad Alimentaria en el Per\u00fa: Impacto, Adaptaci\u00f3n, Resiliencia\u201d, Walter Amoros del Centro Internacional de la Papa estim\u00f3 que la inadecuada adaptaci\u00f3n de las variedades de papas podr\u00eda generar una ca\u00edda del rendimiento de hasta el 32% en el mundo.<\/p>\n<p style=\"text-align: justify;\"><span style=\"text-decoration: underline;\"><strong>P\u00c9RDIDAS MILLONARIAS<\/strong><\/span><br \/>\nIgualmente, Pachauri hizo hincapi\u00e9 en la desaparici\u00f3n de los nevados y sus efectos en el abastecimiento de agua en nuestro pa\u00eds.<\/p>\n<p style=\"text-align: justify;\"><em>\u201cLas proyecciones estiman que los impactos del descongelamiento de los glaciares estar\u00e1n entre los US$212 millones a US$1.500 millones debido a las p\u00e9rdidas de generaci\u00f3n de energ\u00eda\u201d<\/em>, apunt\u00f3.<\/p>\n<p style=\"text-align: justify;\">Pachauri expuso en Lima los avances del m\u00e1s reciente informe del IPCC, que ser\u00e1 aprobado este mes en Copenhague (Dinamarca). <em>\u201cLas manifestaciones de cambio clim\u00e1tico son muy claras, y la ciencia nos dice que todo esto est\u00e1 ocurriendo por influencia humana\u201d<\/em>, anot\u00f3.<\/p>\n<p style=\"text-align: justify;\">Al respecto, el Ministro del Ambiente, Manuel Pulgar-Vidal, afirm\u00f3 que si las causas son humanas, las respuestas tambi\u00e9n deber\u00e1n serlas.<\/p>\n<p style=\"text-align: justify;\">A su turno Fidel Jaramillo, el Representante del BID en el Per\u00fa, afirm\u00f3 que la respuesta para los pa\u00edses de la regi\u00f3n es un manejo integral de las cuencas. Resalt\u00f3 la importancia de los andenes en la zona andina, que representan un manejo sofisticado de la Agricultura.<\/p>\n<p style=\"text-align: justify;\">Los presentes en el taller expresaron su optimismo en que exista un avance importante en las negociaciones de la cumbre mundial del clima que ser\u00e1 en Lima, para frenar las emisiones de efecto invernadero. <em>\u201cA fines de este siglo debemos llegar con cero emisiones\u201d,<\/em> dijo Pachauri.<\/p>\n<p style=\"text-align: justify;\"><strong>FUENTE:<\/strong> Elcomercio.pe<\/p>\n","protected":false},"excerpt":{"rendered":"<p>El Per\u00fa es uno de los pa\u00edses m\u00e1s vulnerables a los impactos del cambio clim\u00e1tico en los sectores de Pesca y Agricultura, afirm\u00f3 ayer el Presidente del Panel Intergubernamental de Cambio Clim\u00e1tico (IPCC) y premio Nobel de la Paz 2007, Rajendra K. Pachauri. \u201cDebido al calentamiento global, los peces se mover\u00e1n a otras \u00e1reas. Eso [&hellip;]<\/p>\n","protected":false},"author":2,"featured_media":2225,"comment_status":"open","ping_status":"open","sticky":false,"template":"","format":"standard","meta":{"footnotes":""},"categories":[63,67],"tags":[329,494,802,1352],"class_list":["post-2224","post","type-post","status-publish","format-standard","has-post-thumbnail","hentry","category-noticias","category-pesqueria","tag-bid","tag-clima","tag-fenomeno-del-nino","tag-pesca"],"_links":{"self":[{"href":"https:\/\/www.perupesquero.org\/web\/wp-json\/wp\/v2\/posts\/2224","targetHints":{"allow":["GET"]}}],"collection":[{"href":"https:\/\/www.perupesquero.org\/web\/wp-json\/wp\/v2\/posts"}],"about":[{"href":"https:\/\/www.perupesquero.org\/web\/wp-json\/wp\/v2\/types\/post"}],"author":[{"embeddable":true,"href":"https:\/\/www.perupesquero.org\/web\/wp-json\/wp\/v2\/users\/2"}],"replies":[{"embeddable":true,"href":"https:\/\/www.perupesquero.org\/web\/wp-json\/wp\/v2\/comments?post=2224"}],"version-history":[{"count":0,"href":"https:\/\/www.perupesquero.org\/web\/wp-json\/wp\/v2\/posts\/2224\/revisions"}],"wp:featuredmedia":[{"embeddable":true,"href":"https:\/\/www.perupesquero.org\/web\/wp-json\/"}],"wp:attachment":[{"href":"https:\/\/www.perupesquero.org\/web\/wp-json\/wp\/v2\/media?parent=2224"}],"wp:term":[{"taxonomy":"category","embeddable":true,"href":"https:\/\/www.perupesquero.org\/web\/wp-json\/wp\/v2\/categories?post=2224"},{"taxonomy":"post_tag","embeddable":true,"href":"https:\/\/www.perupesquero.org\/web\/wp-json\/wp\/v2\/tags?post=2224"}],"curies":[{"name":"wp","href":"https:\/\/api.w.org\/{rel}","templated":true}]}}