{"id":2208,"date":"2014-10-16T17:31:02","date_gmt":"2014-10-16T22:31:02","guid":{"rendered":"http:\/\/www.perupesquero.org\/?p=2208"},"modified":"2014-10-16T17:31:02","modified_gmt":"2014-10-16T22:31:02","slug":"piura-esta-preparada-para-enfrentar-el-nino-gracias-al-gobierno-central","status":"publish","type":"post","link":"https:\/\/www.perupesquero.org\/web\/piura-esta-preparada-para-enfrentar-el-nino-gracias-al-gobierno-central\/","title":{"rendered":"Piura est\u00e1 preparada para enfrentar El Ni\u00f1o gracias al Gobierno Central"},"content":{"rendered":"<p style=\"text-align: justify;\">El Gobierno Central invierte y trabaja en la ejecuci\u00f3n de obras de prevenci\u00f3n de los fen\u00f3menos naturales semejantes a El Ni\u00f1o como ninguna otra administraci\u00f3n lo ha hecho antes en Piura, destac\u00f3 hoy la autoridad regional de esta zona, Javier Atkins.<\/p>\n<p style=\"text-align: justify;\">El Presidente del Gobierno Regional de Piura (GRP) cit\u00f3, en tal sentido, los trabajos de prevenci\u00f3n que se realizan en Sullana, gracias a las transferencias de presupuesto ejecutadas por el Gobierno Central.<\/p>\n<p><em>&#8220;Ning\u00fan gobierno anterior lo enfrent\u00f3. Hoy d\u00eda ya se trabajan y se ejecutan esas obras. Ante un Fen\u00f3meno El Ni\u00f1o estamos preparados, eso no se hizo antes&#8221;<\/em>, manifest\u00f3.<\/p>\n<p style=\"text-align: justify;\">Dijo que la limpieza de los cauces de los r\u00edos les da seguridad a los piuranos de que en un eventual El Ni\u00f1o estar\u00e1n listos.<\/p>\n<p style=\"text-align: justify;\">Inform\u00f3 que su administraci\u00f3n ha ejecutado una serie de obras de saneamiento en diferentes provincias de Piura, como la realizada en Paita con una inversi\u00f3n de 130 millones de nuevos soles, al igual que en Talara.<\/p>\n<p style=\"text-align: justify;\">Atkins acompa\u00f1\u00f3 hoy al Presidente de la Rep\u00fablica, Ollanta Humala Tasso, y al Ministro de Agricultura, Juan Manuel Benites, durante la visita de inspecci\u00f3n que realizaron a las obras de descolmataci\u00f3n del r\u00edo Piura y limpieza de drenes en prevenci\u00f3n del Fen\u00f3meno El Ni\u00f1o.<\/p>\n<p style=\"text-align: justify;\"><strong>FUENTE:<\/strong> Andina.com.pe<\/p>\n","protected":false},"excerpt":{"rendered":"<p>El Gobierno Central invierte y trabaja en la ejecuci\u00f3n de obras de prevenci\u00f3n de los fen\u00f3menos naturales semejantes a El Ni\u00f1o como ninguna otra administraci\u00f3n lo ha hecho antes en Piura, destac\u00f3 hoy la autoridad regional de esta zona, Javier Atkins. El Presidente del Gobierno Regional de Piura (GRP) cit\u00f3, en tal sentido, los trabajos [&hellip;]<\/p>\n","protected":false},"author":2,"featured_media":2209,"comment_status":"open","ping_status":"open","sticky":false,"template":"","format":"standard","meta":{"footnotes":""},"categories":[78,63],"tags":[802,1460],"class_list":["post-2208","post","type-post","status-publish","format-standard","has-post-thumbnail","hentry","category-nacionales","category-noticias","tag-fenomeno-del-nino","tag-piura"],"_links":{"self":[{"href":"https:\/\/www.perupesquero.org\/web\/wp-json\/wp\/v2\/posts\/2208","targetHints":{"allow":["GET"]}}],"collection":[{"href":"https:\/\/www.perupesquero.org\/web\/wp-json\/wp\/v2\/posts"}],"about":[{"href":"https:\/\/www.perupesquero.org\/web\/wp-json\/wp\/v2\/types\/post"}],"author":[{"embeddable":true,"href":"https:\/\/www.perupesquero.org\/web\/wp-json\/wp\/v2\/users\/2"}],"replies":[{"embeddable":true,"href":"https:\/\/www.perupesquero.org\/web\/wp-json\/wp\/v2\/comments?post=2208"}],"version-history":[{"count":0,"href":"https:\/\/www.perupesquero.org\/web\/wp-json\/wp\/v2\/posts\/2208\/revisions"}],"wp:featuredmedia":[{"embeddable":true,"href":"https:\/\/www.perupesquero.org\/web\/wp-json\/"}],"wp:attachment":[{"href":"https:\/\/www.perupesquero.org\/web\/wp-json\/wp\/v2\/media?parent=2208"}],"wp:term":[{"taxonomy":"category","embeddable":true,"href":"https:\/\/www.perupesquero.org\/web\/wp-json\/wp\/v2\/categories?post=2208"},{"taxonomy":"post_tag","embeddable":true,"href":"https:\/\/www.perupesquero.org\/web\/wp-json\/wp\/v2\/tags?post=2208"}],"curies":[{"name":"wp","href":"https:\/\/api.w.org\/{rel}","templated":true}]}}