{"id":1983,"date":"2014-09-28T17:25:01","date_gmt":"2014-09-28T22:25:01","guid":{"rendered":"http:\/\/www.perupesquero.org\/?p=1983"},"modified":"2014-09-28T17:25:01","modified_gmt":"2014-09-28T22:25:01","slug":"viceministerio-de-pesqueria-que-sera-asumido-por-juan-requejo","status":"publish","type":"post","link":"https:\/\/www.perupesquero.org\/web\/viceministerio-de-pesqueria-que-sera-asumido-por-juan-requejo\/","title":{"rendered":"Viceministerio de Pesquer\u00eda que ser\u00e1 asumido por Juan Requejo"},"content":{"rendered":"<p style=\"text-align: justify;\">El Ministerio de la Producci\u00f3n (Produce), a trav\u00e9s del Ministro Piero Ghezzi, acept\u00f3 la renuncia que present\u00f3 Paul Fernando Phumpiu Chang al cargo de Viceministro de Pesquer\u00eda que hab\u00eda asumido desde el 26 de mayo del 2012.<\/p>\n<p style=\"text-align: justify;\">Mediante una resoluci\u00f3n suprema del Produce publicada hoy se acept\u00f3 la renuncia sin dar detalles de los motivos que empujaron al ahora exviceministro a dejar su puesto y la norma a penas le da \u201clas gracias por los importantes servicios prestados\u201d.<\/p>\n<p style=\"text-align: justify;\">La salida de Phimpiu se produce en una coyuntura en la que el sector creci\u00f3 13.48% en julio pero acumula un descenso de 1.94% entre enero y julio.<\/p>\n<p style=\"text-align: justify;\">Sin embargo, el Produce no perdi\u00f3 el tiempo y hoy design\u00f3 al nuevo Viceministro de Pesquer\u00eda, cargo que recaer\u00e1 en Juan Carlos Requejo Aleman.<\/p>\n<p style=\"text-align: justify;\">El Sector Pesca creci\u00f3 en 13.48% en julio, debido a la mayor extracci\u00f3n de especies para Consumo Humano Indirecto (harina y aceite) en 41.58%, ante la mayor captura de Anchoveta para consumo industrial que fue de 400,300 toneladas, frente las 282,700 toneladas desembarcadas en julio de 2013.<\/p>\n<p style=\"text-align: justify;\">Este resultado se explic\u00f3 en parte por la normalizaci\u00f3n de la Temperatura Superficial del Mar.<\/p>\n<p style=\"text-align: justify;\">Por otro lado, el desembarque de especies hidrobiol\u00f3gicas para Consumo Humano Directo de origen mar\u00edtimo, disminuy\u00f3 en 7.24% en julio, debido principalmente a la menor captura de especies para congelado, enlatado y preparaci\u00f3n de curado.<\/p>\n<p style=\"text-align: justify;\">El flamante Viceministro de Pesquer\u00eda es Magister en Derecho de la Empresa por la Pontificia Universidad Cat\u00f3lica del Per\u00fa, Licenciado en Derecho de la Universidad de Piura y cuenta con m\u00e1s de 15 a\u00f1os de carrera en el sector p\u00fablico.<\/p>\n<p style=\"text-align: justify;\">Antes de asumir esta importante responsabilidad, el Viceministro Requejo se desempe\u00f1aba como Director General de Supervisi\u00f3n y Fiscalizaci\u00f3n Pesquera del Ministerio de la Producci\u00f3n, cargo en el que fue nombrado en la anterior gesti\u00f3n ministerial en mayo de 2013 y en el cual ha obtenido importantes resultados en la lucha contra la Pesca ilegal.<\/p>\n<p style=\"text-align: justify;\">Ha ocupado, asimismo, los cargos de Secretario General del Ministerio de Trabajo y Promoci\u00f3n del Empleo, Secretario General del Ministerio de Agricultura y fue Gerente Central Anticorrupci\u00f3n de la Contralor\u00eda General de la Rep\u00fablica.<\/p>\n<p style=\"text-align: justify;\"><strong>FUENTE:<\/strong> Gestion.pe<\/p>\n","protected":false},"excerpt":{"rendered":"<p>El Ministerio de la Producci\u00f3n (Produce), a trav\u00e9s del Ministro Piero Ghezzi, acept\u00f3 la renuncia que present\u00f3 Paul Fernando Phumpiu Chang al cargo de Viceministro de Pesquer\u00eda que hab\u00eda asumido desde el 26 de mayo del 2012. Mediante una resoluci\u00f3n suprema del Produce publicada hoy se acept\u00f3 la renuncia sin dar detalles de los motivos [&hellip;]<\/p>\n","protected":false},"author":2,"featured_media":1984,"comment_status":"open","ping_status":"open","sticky":false,"template":"","format":"standard","meta":{"footnotes":""},"categories":[63,69],"tags":[195,544,1863],"class_list":["post-1983","post","type-post","status-publish","format-standard","has-post-thumbnail","hentry","category-noticias","category-politica","tag-anchoveta","tag-consumo-humano-directo","tag-viceministro-de-pesqueria"],"_links":{"self":[{"href":"https:\/\/www.perupesquero.org\/web\/wp-json\/wp\/v2\/posts\/1983","targetHints":{"allow":["GET"]}}],"collection":[{"href":"https:\/\/www.perupesquero.org\/web\/wp-json\/wp\/v2\/posts"}],"about":[{"href":"https:\/\/www.perupesquero.org\/web\/wp-json\/wp\/v2\/types\/post"}],"author":[{"embeddable":true,"href":"https:\/\/www.perupesquero.org\/web\/wp-json\/wp\/v2\/users\/2"}],"replies":[{"embeddable":true,"href":"https:\/\/www.perupesquero.org\/web\/wp-json\/wp\/v2\/comments?post=1983"}],"version-history":[{"count":0,"href":"https:\/\/www.perupesquero.org\/web\/wp-json\/wp\/v2\/posts\/1983\/revisions"}],"wp:featuredmedia":[{"embeddable":true,"href":"https:\/\/www.perupesquero.org\/web\/wp-json\/"}],"wp:attachment":[{"href":"https:\/\/www.perupesquero.org\/web\/wp-json\/wp\/v2\/media?parent=1983"}],"wp:term":[{"taxonomy":"category","embeddable":true,"href":"https:\/\/www.perupesquero.org\/web\/wp-json\/wp\/v2\/categories?post=1983"},{"taxonomy":"post_tag","embeddable":true,"href":"https:\/\/www.perupesquero.org\/web\/wp-json\/wp\/v2\/tags?post=1983"}],"curies":[{"name":"wp","href":"https:\/\/api.w.org\/{rel}","templated":true}]}}