{"id":1301,"date":"2014-09-18T08:39:16","date_gmt":"2014-09-18T13:39:16","guid":{"rendered":"http:\/\/www.perupesquero.org\/?p=1301"},"modified":"2014-09-18T08:39:16","modified_gmt":"2014-09-18T13:39:16","slug":"en-america-latina-y-el-caribe-31-5-millones-de-hombres-mujeres-ninas-y-ninos-superaron-la-subalimentacion-en-el-mismo-periodo","status":"publish","type":"post","link":"https:\/\/www.perupesquero.org\/web\/en-america-latina-y-el-caribe-31-5-millones-de-hombres-mujeres-ninas-y-ninos-superaron-la-subalimentacion-en-el-mismo-periodo\/","title":{"rendered":"En Am\u00e9rica Latina y el Caribe 31.5 millones de hombres mujeres, ni\u00f1as y ni\u00f1os superaron la subalimentaci\u00f3n en el mismo periodo."},"content":{"rendered":"<p style=\"text-align: justify;\">La proporci\u00f3n de personas que sufre subalimentaci\u00f3n en el pa\u00eds se redujo de 31.6% a 8.7% en las \u00faltimas dos d\u00e9cadas, seg\u00fan el informe El Estado de la Inseguridad Alimentaria en el Mundo 2014 publicado hoy por la FAO, el FIDA y el PMA.<\/p>\n<p style=\"text-align: justify;\">As\u00ed pues, habiendo alcanzado ya de forma simult\u00e1nea la meta relativa al hambre del primer Objetivo de Desarrollo del Milenio y la de la Cumbre Mundial de la Alimentaci\u00f3n, el Per\u00fa es uno de los 8 pa\u00edses de la regi\u00f3n con progreso m\u00e1s r\u00e1pido en su lucha contra el hambre, junto con Bolivia, Brasil, Colombia, Guyana, Honduras, Nicaragua y Panam\u00e1.<\/p>\n<p style=\"text-align: justify;\">El n\u00famero total de personas que viven con hambre en Per\u00fa tambi\u00e9n ha bajado, de 7 millones en 1990-92 a 2.7 millones en 2012, lo que significa que en poco m\u00e1s de dos d\u00e9cadas, 4 millones de hombres mujeres, ni\u00f1as y ni\u00f1os superaron la subalimentaci\u00f3n.<\/p>\n<p style=\"text-align: justify;\">En la regi\u00f3n, los resultados tambi\u00e9n son positivos: en el mismo periodo, 31.5 millones de personas superaron el hambre, pasando de 68.5 millones en 1990-92 a 37 millones en 2012.<\/p>\n<p style=\"text-align: justify;\">El informe fue publicado de forma conjunta por la FAO, el FIDA y el PMA, cuyos jefes, Jos\u00e9 Graziano da Silva, Kanayo F. Nwanze y Ertharin Cousin desde Roma destacaron de forma especial los logros de la regi\u00f3n en el pr\u00f3logo: \u201cAm\u00e9rica Latina y el Caribe es la regi\u00f3n que ha mostrado el mayor progreso en la reducci\u00f3n del hambre, disminuyendo su prevalencia en casi dos tercios desde principios de 1990. En su conjunto, ya ha alcanzado la meta del hambre de los ODM y est\u00e1 muy cerca de alcanzar el objetivo de la CMA.\u201d<\/p>\n<p style=\"text-align: justify;\">Am\u00e9rica Latina y el Caribe lideran la reducci\u00f3n del hambre<\/p>\n<p style=\"text-align: justify;\">Am\u00e9rica Latina y el Caribe es la regi\u00f3n que concentra el mayor n\u00famero de pa\u00edses que han logrado el Objetivo del Milenio relativo al hambre. En total catorce pa\u00edses ya han alcanzado esta meta y seg\u00fan el SOFI otros tres est\u00e1n encaminados a lograrlo antes del 2015.<\/p>\n<p style=\"text-align: justify;\">\u201cLos avances alcanzados dan razones para el optimismo, pero es importante notar que a\u00fan hay diferencias importantes entre el estado de avance de los pa\u00edses y tambi\u00e9n dentro de ellos, ya que hay sectores geogr\u00e1ficos \u2013como las \u00e1reas rurales\u2013 y sectores sociales \u2013como las mujeres y los pueblos ind\u00edgenas\u2013 que a\u00fan enfrentan altas tasas de inseguridad alimentaria y pobreza, y que deben ser una prioridad para las intervenciones gubernamentales\u201d, explic\u00f3 el Representante Regional de la FAO, Ra\u00fal Ben\u00edtez.<\/p>\n<p style=\"text-align: justify;\"><strong>El hambre en el mundo<\/strong><\/p>\n<p style=\"text-align: justify;\">El El Estado de la Inseguridad Alimentaria en el Mundo 2014 resume de la siguiente forma la situaci\u00f3n de hambre en el mundo: cerca de 805 millones de personas en el mundo -una de cada nueve-, padecen hambre. Los resultados confirman una tendencia positiva que ha visto disminuir el n\u00famero de personas que padecen hambre a nivel mundial en m\u00e1s de 100 millones en la \u00faltima d\u00e9cada, y en m\u00e1s de 200 millones desde 1990-92.<\/p>\n<p style=\"text-align: justify;\">En el escenario actual, 65% de las personas que sufren hambre se encuentran en Asia, un 28% en \u00c1frica, un 4,6% en ALC, un 2% en las regiones desarrolladas y un 0,2% en Ocean\u00eda.<\/p>\n<p style=\"text-align: justify;\"><strong>Mayor informaci\u00f3n<\/strong><\/p>\n<p style=\"text-align: justify;\"><strong>Videos<\/strong><\/p>\n<p style=\"text-align: justify;\">El hambre en Am\u00e9rica latina y el Caribe, SOFI 2014, Ra\u00fal Ben\u00edtez, Representante Regional de la FAO<\/p>\n<p><iframe loading=\"lazy\" title=\"SOFI 2014 - ALC logra el Objetivo de Desarrollo del Milenio relativo al hambre (versi\u00f3n larga)\" width=\"640\" height=\"360\" src=\"https:\/\/www.youtube.com\/embed\/nwxyt_Z3W64?feature=oembed\" frameborder=\"0\" allow=\"accelerometer; autoplay; clipboard-write; encrypted-media; gyroscope; picture-in-picture; web-share\" referrerpolicy=\"strict-origin-when-cross-origin\" allowfullscreen><\/iframe><\/p>\n<p style=\"text-align: justify;\">Claves del avance de Am\u00e9rica Latina y Caribe en la lucha contra el hambre: Graziano da Silva, Director General de la FAO:<\/p>\n<p style=\"text-align: center;\">\n","protected":false},"excerpt":{"rendered":"<p>La proporci\u00f3n de personas que sufre subalimentaci\u00f3n en el pa\u00eds se redujo de 31.6% a 8.7% en las \u00faltimas dos d\u00e9cadas, seg\u00fan el informe El Estado de la Inseguridad Alimentaria en el Mundo 2014 publicado hoy por la FAO, el FIDA y el PMA. As\u00ed pues, habiendo alcanzado ya de forma simult\u00e1nea la meta relativa [&hellip;]<\/p>\n","protected":false},"author":2,"featured_media":1304,"comment_status":"open","ping_status":"open","sticky":false,"template":"","format":"standard","meta":{"footnotes":""},"categories":[77,63],"tags":[],"class_list":["post-1301","post","type-post","status-publish","format-standard","has-post-thumbnail","hentry","category-internacionales","category-noticias"],"_links":{"self":[{"href":"https:\/\/www.perupesquero.org\/web\/wp-json\/wp\/v2\/posts\/1301","targetHints":{"allow":["GET"]}}],"collection":[{"href":"https:\/\/www.perupesquero.org\/web\/wp-json\/wp\/v2\/posts"}],"about":[{"href":"https:\/\/www.perupesquero.org\/web\/wp-json\/wp\/v2\/types\/post"}],"author":[{"embeddable":true,"href":"https:\/\/www.perupesquero.org\/web\/wp-json\/wp\/v2\/users\/2"}],"replies":[{"embeddable":true,"href":"https:\/\/www.perupesquero.org\/web\/wp-json\/wp\/v2\/comments?post=1301"}],"version-history":[{"count":0,"href":"https:\/\/www.perupesquero.org\/web\/wp-json\/wp\/v2\/posts\/1301\/revisions"}],"wp:featuredmedia":[{"embeddable":true,"href":"https:\/\/www.perupesquero.org\/web\/wp-json\/"}],"wp:attachment":[{"href":"https:\/\/www.perupesquero.org\/web\/wp-json\/wp\/v2\/media?parent=1301"}],"wp:term":[{"taxonomy":"category","embeddable":true,"href":"https:\/\/www.perupesquero.org\/web\/wp-json\/wp\/v2\/categories?post=1301"},{"taxonomy":"post_tag","embeddable":true,"href":"https:\/\/www.perupesquero.org\/web\/wp-json\/wp\/v2\/tags?post=1301"}],"curies":[{"name":"wp","href":"https:\/\/api.w.org\/{rel}","templated":true}]}}