{"id":8752,"date":"2016-06-30T16:49:04","date_gmt":"2016-06-30T21:49:04","guid":{"rendered":"http:\/\/www.perupesquero.org\/?p=8752"},"modified":"2016-11-10T19:08:51","modified_gmt":"2016-11-11T00:08:51","slug":"repotenciando-el-sector-pesquero-con-nuevo-gobierno","status":"publish","type":"post","link":"http:\/\/www.perupesquero.org\/web\/repotenciando-el-sector-pesquero-con-nuevo-gobierno\/","title":{"rendered":"Repotenciando el sector pesquero con nuevo gobierno"},"content":{"rendered":"<p style=\"text-align: justify;\">Cansados de repetir hasta el hartazgo que la pesquer\u00eda en el Per\u00fa, es la segunda fuente generadora de divisas y empleo para el pa\u00eds, realidad que no solo deben compartir los grandes empresarios y gremios pesqueros, sino tambi\u00e9n ser la prioridad dentro de los planes del gobierno de turno, en este caso del que inicia el 28 de julio pr\u00f3ximo.<\/p>\n<p style=\"text-align: justify;\"><strong>Sector Pesca<\/strong><\/p>\n<p style=\"text-align: justify;\">Durante el gobierno de Ollanta Humala, cuatro fueron los ministros que ocuparon la cartera del Ministerio de la Producci\u00f3n, y ninguno de ellos tuvo la capacidad de repotenciar el sector pesquero, menos de implementar una Adecuada Pol\u00edtica Pesquera con Rostro Humano; sin embargo, al sector lo plagaron de normas y leyes, inspectores y m\u00e1s funcionarios, sin \u00e9xito alguno, la realidad? Caos total en el sector.<\/p>\n<p style=\"text-align: justify;\">Ad portas de un nuevo gobierno y en plena celebraci\u00f3n de las festividades de San Pedro, patr\u00f3n de los pescadores, capit\u00e1n de nuestro ancho Mar; nos asalta la incertidumbre de no saber qui\u00e9n se har\u00e1 cargo de la cartera de Producci\u00f3n, porque debe saber el flamante Presidente, que este cargo debe ser ocupado por un profesional id\u00f3neo, honesto, capaz y que tenga la acuciosidad de driblear con los problemas de la Mypes, Industria y Pesquer\u00eda, alguien que no est\u00e9 ligado a los intereses de los industriales ni de los pesqueros, alguien que no se deje secuestrar por las influencias de los lobistas que pululan por el ministerio, y que las normas que se emitan, sean direccionadas a repotenciar el sector, en beneficio de la pesca, en defensa de los recursos, y el respeto irrestricto a la autonom\u00eda de nuestro Mar. Gran trabajo, para encontrar a quien re\u00fana estos requisitos.<\/p>\n<p style=\"text-align: justify;\">Pero no solo en el titular de Producci\u00f3n, recae la gran responsabilidad de la mala gesti\u00f3n, tambi\u00e9n en los viceministros, y lamentablemente quienes pasaron por Pesquer\u00eda, desde que se convirti\u00f3 en un simple furg\u00f3n de cola, ninguno dio la talla; cuestionamientos por irregularidades, denuncias por lobbies, aprovechamiento de cargos, tr\u00e1fico de influencias, recomendaciones personales y abuso de autoridad.<\/p>\n<p style=\"text-align: justify;\">A todo esto, sumamos que quienes se convierten en Viceministros de Pesquer\u00eda, son profesionales en cualquier rama, menos bi\u00f3logos o ingenieros pesqueros, y quien sea nombrado como tal debe reunir estos requisitos y adem\u00e1s ser t\u00e9cnico, ejecutivo, tener capacidad de gesti\u00f3n y sobre todo, no tenga vinculaci\u00f3n pro empresarial alguna, que no haya servido para realizar estudios e informes cient\u00edficos de parte, para promover a trav\u00e9s de ellos, la depredaci\u00f3n del recurso, as\u00ed lo garantice alguna facultad de pesquer\u00eda por medio de sendos proyectos.<\/p>\n<p style=\"text-align: justify;\"><strong>IMARPE, SANIPES, ITP y FONDEPES<\/strong>, organismos adscritos al Produce, son los m\u00e1s adeptos a ser manipulados por malos funcionarios, <strong>IMARPE<\/strong> debe ser presidido por un cient\u00edfico pesquero y no estar en manos de marinos retirados que de pesca conocen nada, adem\u00e1s que el trato que le dan a sus cient\u00edficos, funcionarios y t\u00e9cnicos es tan grotesca y hasta vulgar, que prefieren laborar en el sector privado.<\/p>\n<p style=\"text-align: justify;\">Y dejamos para el final, ese ausentismo c\u00edvico patri\u00f3tico que impera en los gobiernos de turno, alejados del sentir de cada peruano, que apuesta por la defensa de nuestras 200 millas marinas, que rechaza tajantemente la prospecci\u00f3n petrolera, que se opone a la incursi\u00f3n de barcos arrastreros, depredadores extranjeros, que exige seguridad en nuestro litoral mar\u00edtimo para no permitir el tr\u00e1fico de drogas y personas, por \u00faltimo, un <strong>NO<\/strong> rotundo a la firma de la <strong>CONVEMAR.<\/strong> Aunque los dos \u00faltimos planes de gobierno de quienes se disputaban los destinos del Per\u00fa, ninguno cubri\u00f3 las expectativas del sector pesca, quiz\u00e1, porque no les interes\u00f3, o en todo caso porque son conscientes de la veta mar\u00edtima que se tiene.<\/p>\n","protected":false},"excerpt":{"rendered":"<p>Cansados de repetir hasta el hartazgo que la pesquer\u00eda en el Per\u00fa, es la segunda fuente generadora de divisas y empleo para el pa\u00eds, realidad que no solo deben compartir los grandes empresarios y gremios pesqueros, sino tambi\u00e9n ser la prioridad dentro de los planes del gobierno de turno, en este caso del que inicia [&hellip;]<\/p>\n","protected":false},"author":2,"featured_media":0,"comment_status":"open","ping_status":"open","sticky":false,"template":"","format":"standard","meta":{"footnotes":""},"categories":[76,77,78,67,69,72],"tags":[],"class_list":["post-8752","post","type-post","status-publish","format-standard","hentry","category-editorial","category-internacionales","category-nacionales","category-pesqueria","category-politica","category-regionales"],"_links":{"self":[{"href":"http:\/\/www.perupesquero.org\/web\/wp-json\/wp\/v2\/posts\/8752","targetHints":{"allow":["GET"]}}],"collection":[{"href":"http:\/\/www.perupesquero.org\/web\/wp-json\/wp\/v2\/posts"}],"about":[{"href":"http:\/\/www.perupesquero.org\/web\/wp-json\/wp\/v2\/types\/post"}],"author":[{"embeddable":true,"href":"http:\/\/www.perupesquero.org\/web\/wp-json\/wp\/v2\/users\/2"}],"replies":[{"embeddable":true,"href":"http:\/\/www.perupesquero.org\/web\/wp-json\/wp\/v2\/comments?post=8752"}],"version-history":[{"count":1,"href":"http:\/\/www.perupesquero.org\/web\/wp-json\/wp\/v2\/posts\/8752\/revisions"}],"predecessor-version":[{"id":10962,"href":"http:\/\/www.perupesquero.org\/web\/wp-json\/wp\/v2\/posts\/8752\/revisions\/10962"}],"wp:attachment":[{"href":"http:\/\/www.perupesquero.org\/web\/wp-json\/wp\/v2\/media?parent=8752"}],"wp:term":[{"taxonomy":"category","embeddable":true,"href":"http:\/\/www.perupesquero.org\/web\/wp-json\/wp\/v2\/categories?post=8752"},{"taxonomy":"post_tag","embeddable":true,"href":"http:\/\/www.perupesquero.org\/web\/wp-json\/wp\/v2\/tags?post=8752"}],"curies":[{"name":"wp","href":"https:\/\/api.w.org\/{rel}","templated":true}]}}