{"id":7201,"date":"2016-01-25T17:55:38","date_gmt":"2016-01-25T22:55:38","guid":{"rendered":"http:\/\/www.perupesquero.org\/?p=7201"},"modified":"2016-11-10T19:24:34","modified_gmt":"2016-11-11T00:24:34","slug":"trujillo-organismo-supervisor-defiende-reduccion-de-las-tarifas-en-puerto-salaverry","status":"publish","type":"post","link":"http:\/\/www.perupesquero.org\/web\/trujillo-organismo-supervisor-defiende-reduccion-de-las-tarifas-en-puerto-salaverry\/","title":{"rendered":"TRUJILLO &#8211; Organismo supervisor defiende reducci\u00f3n de las tarifas en puerto Salaverry"},"content":{"rendered":"<p style=\"text-align: justify;\"><em>Con la informaci\u00f3n de: Larepublica.pe<\/em><\/p>\n<p style=\"text-align: justify;\">El Organismo Supervisor de la Inversi\u00f3n en Infraestructura de Transporte de Uso P\u00fablico (Ositran) defendi\u00f3 la disminuci\u00f3n de las tarifas en el puerto de Salaverry en un 5% y neg\u00f3 que se trate de una medida orientada a \u201casfixiar\u201d a ese terminal mar\u00edtimo a fin de facilitar su concesi\u00f3n a capitales privados.<\/p>\n<p>Seg\u00fan el ente regulador, el proceso de regulaci\u00f3n tarifaria a\u00fan no culmina, pese a ello la C\u00e1mara de Comercio y Producci\u00f3n de La Libertad (CCPLL) ya da por cerrado el tema. Agrega que las tarifas no son arbitrarias, sino que responden a un c\u00e1lculo regulado. El Gerente de Regulaci\u00f3n del Ositran, Manuel Carrillo, precis\u00f3 adem\u00e1s que las tarifas est\u00e1n en soles y que fueron expuestas la semana pasada en una audiencia p\u00fablica realizada en Trujillo.<\/p>\n<p>Estim\u00f3 que en un mes el Consejo Directivo del Ositran tomar\u00e1 una decisi\u00f3n final sobre la propuesta de reducci\u00f3n de tarifas.<\/p>\n<p>\u201cSi no est\u00e1 de acuerdo Enapu (Empresa Nacional de Puertos) podr\u00eda interponer un recurso de reconsideraci\u00f3n ante Ositran e incluso impugnar en el Poder Judicial\u201d, acot\u00f3.<\/p>\n<p>Pasados los d\u00edas de oleajes an\u00f3malos, que determinaron el cierre de los puertos de Salaverry, Malabrigo y Pacasmayo, la Capitan\u00eda de Puerto Salaverry emiti\u00f3 la Resoluci\u00f3n 002-2016 en donde resuelve reabrir los citados terminales y normalizar las actividades portuarias.<\/p>\n","protected":false},"excerpt":{"rendered":"<p>Con la informaci\u00f3n de: Larepublica.pe El Organismo Supervisor de la Inversi\u00f3n en Infraestructura de Transporte de Uso P\u00fablico (Ositran) defendi\u00f3 la disminuci\u00f3n de las tarifas en el puerto de Salaverry en un 5% y neg\u00f3 que se trate de una medida orientada a \u201casfixiar\u201d a ese terminal mar\u00edtimo a fin de facilitar su concesi\u00f3n a [&hellip;]<\/p>\n","protected":false},"author":2,"featured_media":7202,"comment_status":"open","ping_status":"open","sticky":false,"template":"","format":"standard","meta":{"footnotes":""},"categories":[78,63,67,72],"tags":[],"class_list":["post-7201","post","type-post","status-publish","format-standard","has-post-thumbnail","hentry","category-nacionales","category-noticias","category-pesqueria","category-regionales"],"_links":{"self":[{"href":"http:\/\/www.perupesquero.org\/web\/wp-json\/wp\/v2\/posts\/7201","targetHints":{"allow":["GET"]}}],"collection":[{"href":"http:\/\/www.perupesquero.org\/web\/wp-json\/wp\/v2\/posts"}],"about":[{"href":"http:\/\/www.perupesquero.org\/web\/wp-json\/wp\/v2\/types\/post"}],"author":[{"embeddable":true,"href":"http:\/\/www.perupesquero.org\/web\/wp-json\/wp\/v2\/users\/2"}],"replies":[{"embeddable":true,"href":"http:\/\/www.perupesquero.org\/web\/wp-json\/wp\/v2\/comments?post=7201"}],"version-history":[{"count":1,"href":"http:\/\/www.perupesquero.org\/web\/wp-json\/wp\/v2\/posts\/7201\/revisions"}],"predecessor-version":[{"id":11376,"href":"http:\/\/www.perupesquero.org\/web\/wp-json\/wp\/v2\/posts\/7201\/revisions\/11376"}],"wp:featuredmedia":[{"embeddable":true,"href":"http:\/\/www.perupesquero.org\/web\/wp-json\/wp\/v2\/media\/7202"}],"wp:attachment":[{"href":"http:\/\/www.perupesquero.org\/web\/wp-json\/wp\/v2\/media?parent=7201"}],"wp:term":[{"taxonomy":"category","embeddable":true,"href":"http:\/\/www.perupesquero.org\/web\/wp-json\/wp\/v2\/categories?post=7201"},{"taxonomy":"post_tag","embeddable":true,"href":"http:\/\/www.perupesquero.org\/web\/wp-json\/wp\/v2\/tags?post=7201"}],"curies":[{"name":"wp","href":"https:\/\/api.w.org\/{rel}","templated":true}]}}