{"id":7179,"date":"2016-01-24T17:54:31","date_gmt":"2016-01-24T22:54:31","guid":{"rendered":"http:\/\/www.perupesquero.org\/?p=7179"},"modified":"2016-11-10T19:24:35","modified_gmt":"2016-11-11T00:24:35","slug":"el-nino-agonizapero-con-fiebre","status":"publish","type":"post","link":"http:\/\/www.perupesquero.org\/web\/el-nino-agonizapero-con-fiebre\/","title":{"rendered":"El Ni\u00f1o agoniza\u2026pero con &#8220;fiebre&#8221;!!"},"content":{"rendered":"<p style=\"text-align: justify;\">Acabo de leer, el art\u00edculo de opini\u00f3n del Dr. Marco Espino, asesor del Ministro de la Producci\u00f3n, (http:\/\/jurel-nuestro-de-cada-dia.lamula.pe\/2016\/01\/23\/el-nino-agoniza\/pedrotrillo\/)\u00a0donde tras un simple pero interesante an\u00e1lisis muestra como fundamento figuras de im\u00e1genes satelitales y concluye a raja tabla \u201c<strong>que El Ni\u00f1o agoniza, porque el<\/strong><strong>\u00a0<\/strong><strong>mar peruano y la zona\u00a0denominada El Ni\u00f1o 1+2, muestra\u00a0condiciones normales, esto \u00a0a pesar, que las\u00a0condiciones c\u00e1lidas est\u00e1n persistiendo en\u00a0las regiones 4, 3 y 3+4; <\/strong>afirmando, que<strong> estas anomal\u00edas ceder\u00e1n r\u00e1pidamente en dichos espacios\u201d<\/strong>.<\/p>\n<p style=\"text-align: justify;\">Pues bien, la tesis de Espino podr\u00eda ser aceptada, siempre y cuando, las condiciones en el\u00a0oc\u00e9ano Pacifico\u00a0se mantuvieran normales; sin embargo, para la informaci\u00f3n del funcionario, seg\u00fan figuras de la NOAA del d\u00eda 22 de enero de este a\u00f1o,\u00a0las anomal\u00edas de temperaturas subsuperficiales revelan que a lo largo de la franja ecuatorial entre los 2\u00b0 N y 2\u00b0 S, hay un gran piscina de agua caliente que llegan hasta 150 metros de profundidad,\u00a0 y alcanzan valores por encima de lo normal de hasta +5 o +6 C. Entonces, cabr\u00eda preguntar \u00a0al asesor ministerial, \u00bftendr\u00e1 el Produce ese poder \u201cdivino\u201d para que ese gran volumen de agua caliente se enfri\u00e9 de un momento a otro?.\u00a0 Caer en errados pron\u00f3sticos como lo sucedido en 1997-98, en nada beneficia al pa\u00eds, al contrario retarda los trabajos de prevenciones.<\/p>\n<p style=\"text-align: justify;\"><a href=\"http:\/\/www.perupesquero.org\/web\/wp-content\/uploads\/2016\/01\/temperaturas-27-1.jpg\" rel=\"attachment wp-att-7188\"><img loading=\"lazy\" decoding=\"async\" class=\"alignnone wp-image-7188\" src=\"http:\/\/www.perupesquero.org\/web\/wp-content\/uploads\/2016\/01\/temperaturas-27-1-300x188.jpg\" alt=\"temperaturas 27\" width=\"515\" height=\"322\" srcset=\"http:\/\/www.perupesquero.org\/web\/wp-content\/uploads\/2016\/01\/temperaturas-27-1-300x188.jpg 300w, http:\/\/www.perupesquero.org\/web\/wp-content\/uploads\/2016\/01\/temperaturas-27-1-768x481.jpg 768w, http:\/\/www.perupesquero.org\/web\/wp-content\/uploads\/2016\/01\/temperaturas-27-1.jpg 833w\" sizes=\"auto, (max-width: 515px) 100vw, 515px\" \/><\/a><\/p>\n<p style=\"text-align: justify;\">Pero sigamos, la figura 5, tambi\u00e9n del d\u00eda 22 de enero, evidencia que dichas anomal\u00edas est\u00e1n en zona de alta mar frente a Paita, secci\u00f3n subsuperficial a los largo de 5\u00b0 S L, en el espacio mar\u00edtimo frente a Paita, donde la capa de agua caliente abarca los 150 m de profundidad y alcanza valores irregularmente altos \u00a0hasta de +6 C. \u00bfAcaso don Espino, siendo un investigador tan acucioso, olvid\u00f3 \u00a0verificar los DATOS EN TIEMPO REAL?. \u00a0Ahora entendemos, porqu\u00e9 asegura que los sistemas \u00a0de observaci\u00f3n y pron\u00f3stico,\u00a0mundiales y nacionales son pocos asertivos, quiz\u00e1s por ello no cruz\u00f3 informaci\u00f3n ni siquiera con Imarpe.<\/p>\n<p style=\"text-align: justify;\"><a href=\"http:\/\/www.perupesquero.org\/web\/wp-content\/uploads\/2016\/01\/tempertaura-2-1.jpg\" rel=\"attachment wp-att-7181\"><img loading=\"lazy\" decoding=\"async\" class=\"alignnone wp-image-7181\" src=\"http:\/\/www.perupesquero.org\/web\/wp-content\/uploads\/2016\/01\/tempertaura-2-1-300x168.jpg\" alt=\"tempertaura 2-1\" width=\"547\" height=\"306\" srcset=\"http:\/\/www.perupesquero.org\/web\/wp-content\/uploads\/2016\/01\/tempertaura-2-1-300x168.jpg 300w, http:\/\/www.perupesquero.org\/web\/wp-content\/uploads\/2016\/01\/tempertaura-2-1-768x430.jpg 768w, http:\/\/www.perupesquero.org\/web\/wp-content\/uploads\/2016\/01\/tempertaura-2-1-1024x573.jpg 1024w, http:\/\/www.perupesquero.org\/web\/wp-content\/uploads\/2016\/01\/tempertaura-2-1.jpg 1630w\" sizes=\"auto, (max-width: 547px) 100vw, 547px\" \/><\/a><\/p>\n<p style=\"text-align: justify;\"><strong>\u00a0\u201cUna mejor atenci\u00f3n al mar peruano\u00a0hubiera permitido orientar mejor los\u00a0pron\u00f3sticos y evitar p\u00e9rdidas agr\u00edcolas y\u00a0exportaciones; as\u00ed como orientar mejor las\u00a0inversiones en la prevenci\u00f3n de desastres\u201d, <\/strong>confiesa Espino. \u00a0Una buena se\u00f1al, sobre todo si esta reflexi\u00f3n viene de un asesor ministerial, que est\u00e1 cerca de las actuales autoridades pesqueras y sabe que estas, por desidia e ignorancia se olvidaron y viven de espaldas al mar peruano.<\/p>\n<p style=\"text-align: justify;\">Y saben, porqu\u00e9 sucede esto?, porque la mayor\u00eda de autoridades pesqueras son impuestas a dedo o por tarjetazo partidario, entonces cuando se requiere la respuesta a eventos naturales como El Ni\u00f1o, esta responsabilidad se la encargan a \u201cpichones\u201d o abogados, que de pesca est\u00e1n en la mera calle. Ahora, nadie puede negar que el mundo est\u00e1 siendo impactado por este evento natural. Nuestro Mar tambi\u00e9n, pues han aparecido exquisitos peces de carne blanca; sin embargo, la ignorancia del ente administrador de la pesca, est\u00e1 haciendo que los beneficios de El Ni\u00f1o queden en los peruanos en simples recuerdos.<\/p>\n<p style=\"text-align: justify;\">Al final, las agencias, pron\u00f3sticos, ministros y viceministros pasar\u00e1n, pero lo que siempre estar\u00e1 es El Ni\u00f1o. D\u00e9bil, moderado, \u00a0fuerte o extraordinario, ser\u00e1 parte de nuestra nuestro Mar y de la naturaleza, por eso, decir temerariamente que este evento agoniza o termin\u00f3, resulta irresponsable y peligroso, porque as\u00ed como no se permite la pesca de especies de oportunidad en pleno Ni\u00f1o, se deben de continuar implementando y realizando los trabajos de prevenci\u00f3n, porque la naturaleza es impredecible.<\/p>\n<p style=\"text-align: justify;\">Es importante que Espino, asesor ministerial, verifique primero los datos de las \u00a0temperaturas de Imarpe de todos los puerto del d\u00eda de hoy, de esta manera tendr\u00e1 una visi\u00f3n m\u00e1s clara de lo que pasa, porque para Imarpe todo el Per\u00fa est\u00e1 caliente, ya que registran temperaturas por encima de 1.5\u00b0C, que significa que El Ni\u00f1o sigue siendo fuerte, adem\u00e1s, Senahmi muestra hasta el 23 de enero, que las temperaturas en el Pac\u00edfico y Per\u00fa son positivas al evento, indicando a trav\u00e9s de figuras que las anomal\u00edas retornaron, al extremo que en algunos puntos la temperatura llegan a los 4\u00b0 C. Entre tanto, Chile no queda excluido, porque el inusual incremento de la temperatura, se inicia por donde nace la corriente de Humboldt.<\/p>\n<p style=\"text-align: justify;\"><strong>Anomal\u00edas con fuerza<\/strong><\/p>\n<p style=\"text-align: justify;\"><a href=\"http:\/\/www.perupesquero.org\/web\/wp-content\/uploads\/2016\/01\/temperatura-3-1.jpg\" rel=\"attachment wp-att-7182\"><img loading=\"lazy\" decoding=\"async\" class=\"alignnone wp-image-7182\" src=\"http:\/\/www.perupesquero.org\/web\/wp-content\/uploads\/2016\/01\/temperatura-3-1-300x179.jpg\" alt=\"temperatura 3-1\" width=\"621\" height=\"371\" srcset=\"http:\/\/www.perupesquero.org\/web\/wp-content\/uploads\/2016\/01\/temperatura-3-1-300x179.jpg 300w, http:\/\/www.perupesquero.org\/web\/wp-content\/uploads\/2016\/01\/temperatura-3-1-768x459.jpg 768w, http:\/\/www.perupesquero.org\/web\/wp-content\/uploads\/2016\/01\/temperatura-3-1-1024x613.jpg 1024w, http:\/\/www.perupesquero.org\/web\/wp-content\/uploads\/2016\/01\/temperatura-3-1.jpg 1630w\" sizes=\"auto, (max-width: 621px) 100vw, 621px\" \/><\/a><\/p>\n<p style=\"text-align: justify;\"><a href=\"http:\/\/www.perupesquero.org\/web\/wp-content\/uploads\/2016\/01\/Temeperatura-4-1.jpg\" rel=\"attachment wp-att-7183\"><img loading=\"lazy\" decoding=\"async\" class=\"alignnone wp-image-7183\" src=\"http:\/\/www.perupesquero.org\/web\/wp-content\/uploads\/2016\/01\/Temeperatura-4-1-300x226.jpg\" alt=\"Temeperatura 4-1\" width=\"647\" height=\"488\" srcset=\"http:\/\/www.perupesquero.org\/web\/wp-content\/uploads\/2016\/01\/Temeperatura-4-1-300x226.jpg 300w, http:\/\/www.perupesquero.org\/web\/wp-content\/uploads\/2016\/01\/Temeperatura-4-1-768x579.jpg 768w, http:\/\/www.perupesquero.org\/web\/wp-content\/uploads\/2016\/01\/Temeperatura-4-1-1024x772.jpg 1024w, http:\/\/www.perupesquero.org\/web\/wp-content\/uploads\/2016\/01\/Temeperatura-4-1.jpg 1210w\" sizes=\"auto, (max-width: 647px) 100vw, 647px\" \/><\/a><\/p>\n<p style=\"text-align: justify;\">Finalmente, una mejor atenci\u00f3n a los datos de TSM d\u00eda, de todos los puertos y convertirlos \u00a0en un promedio mensual, de seguro nos abastecer\u00e1 de una informaci\u00f3n m\u00e1s asertiva sobre las situaciones an\u00f3malas, que suceden en el Mar y que repercuten a otras actividades econ\u00f3micas del pa\u00eds. <strong>Prevenci\u00f3n es tarea y obligaci\u00f3n de todos !.<\/strong><\/p>\n<p>&nbsp;<\/p>\n<p>&nbsp;<\/p>\n<p>&nbsp;<\/p>\n","protected":false},"excerpt":{"rendered":"<p>Acabo de leer, el art\u00edculo de opini\u00f3n del Dr. Marco Espino, asesor del Ministro de la Producci\u00f3n, (http:\/\/jurel-nuestro-de-cada-dia.lamula.pe\/2016\/01\/23\/el-nino-agoniza\/pedrotrillo\/)\u00a0donde tras un simple pero interesante an\u00e1lisis muestra como fundamento figuras de im\u00e1genes satelitales y concluye a raja tabla \u201cque El Ni\u00f1o agoniza, porque el\u00a0mar peruano y la zona\u00a0denominada El Ni\u00f1o 1+2, muestra\u00a0condiciones normales, esto \u00a0a pesar, que [&hellip;]<\/p>\n","protected":false},"author":2,"featured_media":7180,"comment_status":"open","ping_status":"open","sticky":false,"template":"","format":"standard","meta":{"footnotes":""},"categories":[78,63,67,69,72],"tags":[690],"class_list":["post-7179","post","type-post","status-publish","format-standard","has-post-thumbnail","hentry","category-nacionales","category-noticias","category-pesqueria","category-politica","category-regionales","tag-el-nino-agonizapero-con-fiebre"],"_links":{"self":[{"href":"http:\/\/www.perupesquero.org\/web\/wp-json\/wp\/v2\/posts\/7179","targetHints":{"allow":["GET"]}}],"collection":[{"href":"http:\/\/www.perupesquero.org\/web\/wp-json\/wp\/v2\/posts"}],"about":[{"href":"http:\/\/www.perupesquero.org\/web\/wp-json\/wp\/v2\/types\/post"}],"author":[{"embeddable":true,"href":"http:\/\/www.perupesquero.org\/web\/wp-json\/wp\/v2\/users\/2"}],"replies":[{"embeddable":true,"href":"http:\/\/www.perupesquero.org\/web\/wp-json\/wp\/v2\/comments?post=7179"}],"version-history":[{"count":1,"href":"http:\/\/www.perupesquero.org\/web\/wp-json\/wp\/v2\/posts\/7179\/revisions"}],"predecessor-version":[{"id":11380,"href":"http:\/\/www.perupesquero.org\/web\/wp-json\/wp\/v2\/posts\/7179\/revisions\/11380"}],"wp:featuredmedia":[{"embeddable":true,"href":"http:\/\/www.perupesquero.org\/web\/wp-json\/wp\/v2\/media\/7180"}],"wp:attachment":[{"href":"http:\/\/www.perupesquero.org\/web\/wp-json\/wp\/v2\/media?parent=7179"}],"wp:term":[{"taxonomy":"category","embeddable":true,"href":"http:\/\/www.perupesquero.org\/web\/wp-json\/wp\/v2\/categories?post=7179"},{"taxonomy":"post_tag","embeddable":true,"href":"http:\/\/www.perupesquero.org\/web\/wp-json\/wp\/v2\/tags?post=7179"}],"curies":[{"name":"wp","href":"https:\/\/api.w.org\/{rel}","templated":true}]}}