{"id":7160,"date":"2016-01-21T15:37:22","date_gmt":"2016-01-21T20:37:22","guid":{"rendered":"http:\/\/www.perupesquero.org\/?p=7160"},"modified":"2016-11-10T19:24:35","modified_gmt":"2016-11-11T00:24:35","slug":"trujillo-sitenapu-se-opone-a-concesion-del-puerto-salaverry","status":"publish","type":"post","link":"http:\/\/www.perupesquero.org\/web\/trujillo-sitenapu-se-opone-a-concesion-del-puerto-salaverry\/","title":{"rendered":"TRUJILLO &#8211; Sitenapu se opone a concesi\u00f3n del puerto Salaverry"},"content":{"rendered":"<p style=\"text-align: justify;\"><em>Con la informaci\u00f3n de: Larepublica.pe<\/em><\/p>\n<p style=\"text-align: justify;\">El Secretario general del Sindicato de Trabajadores del Terminal Portuario de Salaverry (Sitenapu), Alejandro Loyola C\u00f3rdova, lleg\u00f3 hasta la Plaza de Armas de Trujillo para denunciar su malestar frente a la concesi\u00f3n del puerto de Salaverry.<\/p>\n<p>El Dirigente mencion\u00f3 que hasta ahora no se declara de inter\u00e9s nacional el mencionado terminal a pesar de que hubo la intenci\u00f3n de algunos congresistas de promover esta disposici\u00f3n del Estado.<\/p>\n<p><em>\u201cEstamos en espera, porque de concretarse esta concesi\u00f3n dejar\u00edamos de ser administradores del puerto. No estamos en contra del desarrollo, queremos que se mejore la infraestructura; pero no al precio de dejarnos sin trabajo\u201d,<\/em> mencion\u00f3 Loyola C\u00f3rdova.<\/p>\n<p>Asimismo mencion\u00f3 su desacuerdo por la reciente resoluci\u00f3n del Organismo Supervisor de la Inversi\u00f3n en Infraestructura de Transporte de Uso P\u00fablico (Ositran), que orden\u00f3 reducir las tarifas que se cobra en Salaverry por los servicios portuarios.<\/p>\n<p><em>\u201cCobramos tarifa libre; pero nos piden que sea est\u00e1ndar: en 2,86 d\u00f3lares\u201d,<\/em> critic\u00f3.<\/p>\n","protected":false},"excerpt":{"rendered":"<p>Con la informaci\u00f3n de: Larepublica.pe El Secretario general del Sindicato de Trabajadores del Terminal Portuario de Salaverry (Sitenapu), Alejandro Loyola C\u00f3rdova, lleg\u00f3 hasta la Plaza de Armas de Trujillo para denunciar su malestar frente a la concesi\u00f3n del puerto de Salaverry. El Dirigente mencion\u00f3 que hasta ahora no se declara de inter\u00e9s nacional el mencionado [&hellip;]<\/p>\n","protected":false},"author":2,"featured_media":7162,"comment_status":"open","ping_status":"open","sticky":false,"template":"","format":"standard","meta":{"footnotes":""},"categories":[78,63,67,72],"tags":[],"class_list":["post-7160","post","type-post","status-publish","format-standard","has-post-thumbnail","hentry","category-nacionales","category-noticias","category-pesqueria","category-regionales"],"_links":{"self":[{"href":"http:\/\/www.perupesquero.org\/web\/wp-json\/wp\/v2\/posts\/7160","targetHints":{"allow":["GET"]}}],"collection":[{"href":"http:\/\/www.perupesquero.org\/web\/wp-json\/wp\/v2\/posts"}],"about":[{"href":"http:\/\/www.perupesquero.org\/web\/wp-json\/wp\/v2\/types\/post"}],"author":[{"embeddable":true,"href":"http:\/\/www.perupesquero.org\/web\/wp-json\/wp\/v2\/users\/2"}],"replies":[{"embeddable":true,"href":"http:\/\/www.perupesquero.org\/web\/wp-json\/wp\/v2\/comments?post=7160"}],"version-history":[{"count":1,"href":"http:\/\/www.perupesquero.org\/web\/wp-json\/wp\/v2\/posts\/7160\/revisions"}],"predecessor-version":[{"id":11385,"href":"http:\/\/www.perupesquero.org\/web\/wp-json\/wp\/v2\/posts\/7160\/revisions\/11385"}],"wp:featuredmedia":[{"embeddable":true,"href":"http:\/\/www.perupesquero.org\/web\/wp-json\/wp\/v2\/media\/7162"}],"wp:attachment":[{"href":"http:\/\/www.perupesquero.org\/web\/wp-json\/wp\/v2\/media?parent=7160"}],"wp:term":[{"taxonomy":"category","embeddable":true,"href":"http:\/\/www.perupesquero.org\/web\/wp-json\/wp\/v2\/categories?post=7160"},{"taxonomy":"post_tag","embeddable":true,"href":"http:\/\/www.perupesquero.org\/web\/wp-json\/wp\/v2\/tags?post=7160"}],"curies":[{"name":"wp","href":"https:\/\/api.w.org\/{rel}","templated":true}]}}