{"id":7139,"date":"2016-01-20T17:13:58","date_gmt":"2016-01-20T22:13:58","guid":{"rendered":"http:\/\/www.perupesquero.org\/?p=7139"},"modified":"2016-11-10T19:24:36","modified_gmt":"2016-11-11T00:24:36","slug":"puertos-de-lambayeque-permanecen-cerrados-por-oleajes-irregulares","status":"publish","type":"post","link":"http:\/\/www.perupesquero.org\/web\/puertos-de-lambayeque-permanecen-cerrados-por-oleajes-irregulares\/","title":{"rendered":"Puertos de Lambayeque permanecen cerrados por oleajes irregulares"},"content":{"rendered":"<p style=\"text-align: justify;\"><em>Con la informaci\u00f3n de: Andina.com.pe<\/em><\/p>\n<p style=\"text-align: justify;\">Debido a la presencia de oleajes an\u00f3malos de ligera a moderada intensidad en el litoral de Lambayeque, permanecen cerrados los puertos de Pimentel, Eten, Santa Rosa y San Jos\u00e9, para toda actividad de pesca artesanal y tur\u00edstica, se inform\u00f3.<\/p>\n<p style=\"text-align: justify;\">Personal de La Capitan\u00eda de Puerto de Pimentel precis\u00f3 que la caleta San Jos\u00e9 est\u00e1 cerrada desde el pasado lunes 18 y los puertos desde ayer, a fin de evitar accidentes y proteger el medioambiente.<\/p>\n<p style=\"text-align: justify;\">A\u00f1adi\u00f3 a la Agencia Andina que de acuerdo a las proyecciones los oleajes irregulares concluir\u00edan al promediar las 15:00 0 16:00 horas, pero si no se normalizan las condiciones oceanogr\u00e1ficas, los puertos permanecer\u00e1n cerrados hasta nuevo aviso.<\/p>\n<p style=\"text-align: justify;\">Hasta el momento las autoridades no han reportado da\u00f1os por el oleaje an\u00f3malo. En las playas de San Jos\u00e9 y Pimentel se iz\u00f3 la bandera roja, para que los pescadores y p\u00fablico en general adopte sus precauciones.<\/p>\n","protected":false},"excerpt":{"rendered":"<p>Con la informaci\u00f3n de: Andina.com.pe Debido a la presencia de oleajes an\u00f3malos de ligera a moderada intensidad en el litoral de Lambayeque, permanecen cerrados los puertos de Pimentel, Eten, Santa Rosa y San Jos\u00e9, para toda actividad de pesca artesanal y tur\u00edstica, se inform\u00f3. Personal de La Capitan\u00eda de Puerto de Pimentel precis\u00f3 que la [&hellip;]<\/p>\n","protected":false},"author":2,"featured_media":7140,"comment_status":"open","ping_status":"open","sticky":false,"template":"","format":"standard","meta":{"footnotes":""},"categories":[78,63,67,72],"tags":[],"class_list":["post-7139","post","type-post","status-publish","format-standard","has-post-thumbnail","hentry","category-nacionales","category-noticias","category-pesqueria","category-regionales"],"_links":{"self":[{"href":"http:\/\/www.perupesquero.org\/web\/wp-json\/wp\/v2\/posts\/7139","targetHints":{"allow":["GET"]}}],"collection":[{"href":"http:\/\/www.perupesquero.org\/web\/wp-json\/wp\/v2\/posts"}],"about":[{"href":"http:\/\/www.perupesquero.org\/web\/wp-json\/wp\/v2\/types\/post"}],"author":[{"embeddable":true,"href":"http:\/\/www.perupesquero.org\/web\/wp-json\/wp\/v2\/users\/2"}],"replies":[{"embeddable":true,"href":"http:\/\/www.perupesquero.org\/web\/wp-json\/wp\/v2\/comments?post=7139"}],"version-history":[{"count":1,"href":"http:\/\/www.perupesquero.org\/web\/wp-json\/wp\/v2\/posts\/7139\/revisions"}],"predecessor-version":[{"id":11392,"href":"http:\/\/www.perupesquero.org\/web\/wp-json\/wp\/v2\/posts\/7139\/revisions\/11392"}],"wp:featuredmedia":[{"embeddable":true,"href":"http:\/\/www.perupesquero.org\/web\/wp-json\/wp\/v2\/media\/7140"}],"wp:attachment":[{"href":"http:\/\/www.perupesquero.org\/web\/wp-json\/wp\/v2\/media?parent=7139"}],"wp:term":[{"taxonomy":"category","embeddable":true,"href":"http:\/\/www.perupesquero.org\/web\/wp-json\/wp\/v2\/categories?post=7139"},{"taxonomy":"post_tag","embeddable":true,"href":"http:\/\/www.perupesquero.org\/web\/wp-json\/wp\/v2\/tags?post=7139"}],"curies":[{"name":"wp","href":"https:\/\/api.w.org\/{rel}","templated":true}]}}