{"id":6681,"date":"2015-12-08T11:18:06","date_gmt":"2015-12-08T16:18:06","guid":{"rendered":"http:\/\/www.perupesquero.org\/?p=6681"},"modified":"2015-12-08T11:18:06","modified_gmt":"2015-12-08T16:18:06","slug":"varados-en-alta-mar-la-pesadilla-de-tres-pescadores","status":"publish","type":"post","link":"http:\/\/www.perupesquero.org\/web\/varados-en-alta-mar-la-pesadilla-de-tres-pescadores\/","title":{"rendered":"Varados en alta Mar: la pesadilla de tres pescadores"},"content":{"rendered":"<p style=\"text-align: justify;\"><em>Con la informaci\u00f3n de: Elcomercio.pe<\/em><\/p>\n<p style=\"text-align: justify;\">Miguel Oviedo Villanueva \u2013deshidratado, con la boca seca y sin \u00e1nimos\u2013 se arrodill\u00f3 de golpe sobre la cubierta del barco, mir\u00f3 el cielo despejado y dijo: \u201c<em>Dios, termina ya con esta agon\u00eda\u201d.<\/em> Era mi\u00e9rcoles 2 de diciembre, el und\u00e9cimo d\u00eda perdido en alta Mar. Sus compa\u00f1eros Erly Mart\u00ednez Tinoco, de 40 a\u00f1os, y Santos Quinde Jim\u00e9nez, de 29, luc\u00edan abandonados, sin fuerzas, echados unos metros m\u00e1s all\u00e1.<\/p>\n<p style=\"text-align: justify;\">El grupo hab\u00eda partido sin alimentos el domingo 22 de noviembre desde Talara, rumbo a la caleta La Cruz, en Tumbes. Era un viaje ordinario, a bordo de la embarcaci\u00f3n Santa Cruz. En Talara hab\u00edan pescado Langostino, pero como el recurso escase\u00f3 decidieron ir a Tumbes a probar suerte. A esta ciudad debieron llegar a las 10 a.m. del d\u00eda siguiente.<\/p>\n<p style=\"text-align: justify;\">Sin embargo \u2013relata Oviedo\u2013 hubo un cortocircuito al interior de la embarcaci\u00f3n, a la altura de Cabo Blanco. Lo controlaron tarde, pues ya hab\u00eda da\u00f1ado el motor. Quinde llam\u00f3 al due\u00f1o de la embarcaci\u00f3n, y este les dijo que no se preocuparan, que en cinco horas enviar\u00eda una lancha a recogerlos. Sin embargo, esta nunca lleg\u00f3.<\/p>\n<p style=\"text-align: justify;\">Oviedo aprovech\u00f3 para llamar a su hija, que vive en Lima, y le cont\u00f3 lo ocurrido. Ella llam\u00f3 a sus familiares en Tumbes, y estos informaron a la Marina. As\u00ed comenz\u00f3 la b\u00fasqueda de la embarcaci\u00f3n. Mientras tanto, en el mar los n\u00e1ufragos viajaban sin rumbo, hacia donde los llevara la corriente. Los d\u00edas pasaban y se alejaban m\u00e1s de la costa. Llegaron a Paita, y d\u00edas despu\u00e9s a 220 millas de Manta, en Ecuador.<\/p>\n<p style=\"text-align: justify;\"><strong>La fe y la tortuga<\/strong><\/p>\n<p style=\"text-align: justify;\">Los primeros d\u00edas, los pescadores se alimentaban con arroz que hallaron en la cocina de la nave. Lo hicieron alcanzar para una semana. Tomaban agua del radiador del motor, pero esta se les acab\u00f3 luego de siete d\u00edas. Oviedo animaba a sus compa\u00f1eros dici\u00e9ndoles que no se preocuparan, que el jefe les hab\u00eda dicho que enviar\u00eda un bote para salvarlos.<\/p>\n<p style=\"text-align: justify;\"><em>\u201cTem\u00edamos que nos atropellara alguna embarcaci\u00f3n grande. Hasta que le pedimos a Dios que nos mandara comida, y justo se acerc\u00f3 una Tortuga de unos 20 kilos. La matamos y hervimos su carne. Eso nos reanim\u00f3\u201d,<\/em> cuenta el pescador.<\/p>\n<p style=\"text-align: justify;\">El jueves 3 de diciembre los divis\u00f3 la embarcaci\u00f3n Dany VIII, del puerto de Salinas, Ecuador, que pasaba hacia su zona de pesca.<\/p>\n<p style=\"text-align: justify;\">La noticia del rescate lleg\u00f3 al teniente de la Capitan\u00eda de Puerto de Zorritos, Renzo Ibaceta, la noche del jueves. \u201c<em>Fue muy alentador. Esta es la quinta embarcaci\u00f3n que se ha perdido este a\u00f1o en Tumbes, pero no hemos tenido v\u00edctimas\u201d,<\/em> coment\u00f3.<\/p>\n<p style=\"text-align: justify;\">Al d\u00eda siguiente fueron a traerlos. Los hombres de mar luc\u00edan flacos, y ten\u00edan la mirada extraviada en esa inmensidad azul. Ya en su casa, Oviedo brome\u00f3: <em>\u201cNi loco para volver a meterme otra vez al Mar\u201d.<\/em><\/p>\n","protected":false},"excerpt":{"rendered":"<p>Con la informaci\u00f3n de: Elcomercio.pe Miguel Oviedo Villanueva \u2013deshidratado, con la boca seca y sin \u00e1nimos\u2013 se arrodill\u00f3 de golpe sobre la cubierta del barco, mir\u00f3 el cielo despejado y dijo: \u201cDios, termina ya con esta agon\u00eda\u201d. Era mi\u00e9rcoles 2 de diciembre, el und\u00e9cimo d\u00eda perdido en alta Mar. Sus compa\u00f1eros Erly Mart\u00ednez Tinoco, de [&hellip;]<\/p>\n","protected":false},"author":2,"featured_media":6682,"comment_status":"open","ping_status":"open","sticky":false,"template":"","format":"standard","meta":{"footnotes":""},"categories":[78,63,67,72],"tags":[187,1040,1808],"class_list":["post-6681","post","type-post","status-publish","format-standard","has-post-thumbnail","hentry","category-nacionales","category-noticias","category-pesqueria","category-regionales","tag-alta-mar","tag-langostino","tag-tortuga"],"_links":{"self":[{"href":"http:\/\/www.perupesquero.org\/web\/wp-json\/wp\/v2\/posts\/6681","targetHints":{"allow":["GET"]}}],"collection":[{"href":"http:\/\/www.perupesquero.org\/web\/wp-json\/wp\/v2\/posts"}],"about":[{"href":"http:\/\/www.perupesquero.org\/web\/wp-json\/wp\/v2\/types\/post"}],"author":[{"embeddable":true,"href":"http:\/\/www.perupesquero.org\/web\/wp-json\/wp\/v2\/users\/2"}],"replies":[{"embeddable":true,"href":"http:\/\/www.perupesquero.org\/web\/wp-json\/wp\/v2\/comments?post=6681"}],"version-history":[{"count":0,"href":"http:\/\/www.perupesquero.org\/web\/wp-json\/wp\/v2\/posts\/6681\/revisions"}],"wp:featuredmedia":[{"embeddable":true,"href":"http:\/\/www.perupesquero.org\/web\/wp-json\/wp\/v2\/media\/6682"}],"wp:attachment":[{"href":"http:\/\/www.perupesquero.org\/web\/wp-json\/wp\/v2\/media?parent=6681"}],"wp:term":[{"taxonomy":"category","embeddable":true,"href":"http:\/\/www.perupesquero.org\/web\/wp-json\/wp\/v2\/categories?post=6681"},{"taxonomy":"post_tag","embeddable":true,"href":"http:\/\/www.perupesquero.org\/web\/wp-json\/wp\/v2\/tags?post=6681"}],"curies":[{"name":"wp","href":"https:\/\/api.w.org\/{rel}","templated":true}]}}