{"id":6431,"date":"2015-11-10T22:44:02","date_gmt":"2015-11-11T03:44:02","guid":{"rendered":"http:\/\/www.perupesquero.org\/?p=6431"},"modified":"2015-11-10T22:44:02","modified_gmt":"2015-11-11T03:44:02","slug":"proponen-declarar-de-interes-nacional-descontaminacion-de-bahias-de-paita-y-talara","status":"publish","type":"post","link":"http:\/\/www.perupesquero.org\/web\/proponen-declarar-de-interes-nacional-descontaminacion-de-bahias-de-paita-y-talara\/","title":{"rendered":"Proponen declarar de inter\u00e9s nacional descontaminaci\u00f3n de bah\u00edas de Paita y Talara"},"content":{"rendered":"<p style=\"text-align: justify;\"><em>Con la informaci\u00f3n de : Andina.com.pe<\/em><\/p>\n<p style=\"text-align: justify;\">La Comisi\u00f3n de Pueblos Andinos, Amaz\u00f3nicos, Afroperuanos, Ambiente y Ecolog\u00eda aprob\u00f3 hoy por unanimidad un proyecto de ley mediante el cual se propone declarar de necesidad y utilidad p\u00fablica la descontaminaci\u00f3n, protecci\u00f3n, recuperaci\u00f3n y conservaci\u00f3n ambiental de los puertos de Paita y Talara, en la Regi\u00f3n Piura.<\/p>\n<p style=\"text-align: justify;\">Si bien se trata esencialmente de una propuesta de declaratoria de inter\u00e9s nacional, la iniciativa tambi\u00e9n sugiere la creaci\u00f3n de un Consejo de Protecci\u00f3n con participaci\u00f3n de representantes de los ministerios del Ambiente, de la Producci\u00f3n, de Salud y de Vivienda y Construcci\u00f3n, as\u00ed como de gobiernos regionales y locales vinculados a esa problem\u00e1tica.<\/p>\n<p style=\"text-align: justify;\">Ser\u00edan esas autoridades las que determinar\u00edan las medidas para asegurar la descontaminaci\u00f3n, y de ese modo se llegar\u00eda a la inversi\u00f3n en proyectos para la recuperaci\u00f3n de ambas bah\u00edas que ahora est\u00e1n muy deterioradas desde el punto de vista ambiental, seg\u00fan se plante\u00f3.<\/p>\n<p style=\"text-align: justify;\">El dictamen fue aprobado despu\u00e9s de que los parlamentarios Leonidas Huayama Neira y Juan Castagnino Lema sustentaran sendos proyectos de ley. A su vez, el Congresista Freddy Sarmiento Betancourt propuso que tambi\u00e9n se incluyera en el dictamen a la Bah\u00eda de Sechura.<\/p>\n<p style=\"text-align: justify;\">Sin embargo, se acord\u00f3 aprobar el dictamen tal como hab\u00eda sido dictaminado, y en el Pleno del Congreso, podr\u00eda verse lo relativo a la bah\u00eda de Sechura.<\/p>\n<p style=\"text-align: justify;\"><strong>Residuos s\u00f3lidos<\/strong><\/p>\n<p style=\"text-align: justify;\">De otro lado, se present\u00f3 en la sesi\u00f3n el Viceministro de Gesti\u00f3n Ambiental del Ministerio del Ambiente (Minam), Mariano Castro S\u00e1nchez Moreno, quien se refiri\u00f3 a la situaci\u00f3n actual del tratamiento de residuos s\u00f3lidos y las medidas legislativas que podr\u00edan solucionar la problem\u00e1tica en torno a la acumulaci\u00f3n de residuos s\u00f3lidos en varios sitios de la capital y en general en varias ciudades del pa\u00eds.<\/p>\n<p style=\"text-align: justify;\">Tras una exposici\u00f3n acerca de las acciones que desarrolla el ministerio a nivel nacional, especialmente en 31 ciudades de 16 regiones del pa\u00eds, el funcionario apel\u00f3 a la conveniencia de que se modifique la Ley General de Residuos S\u00f3lidos.<\/p>\n<p style=\"text-align: justify;\">Castro S\u00e1nchez sostuvo al respecto que se debe precisar las acciones por acometerse a nivel regional como tambi\u00e9n a nivel local, adem\u00e1s de ver el rol de las empresas prestadoras de servicios, mejorar las atribuciones de las autoridades encargadas y tambi\u00e9n promover la participaci\u00f3n de las mancomunidades municipales, entre otras medidas.<\/p>\n","protected":false},"excerpt":{"rendered":"<p>Con la informaci\u00f3n de : Andina.com.pe La Comisi\u00f3n de Pueblos Andinos, Amaz\u00f3nicos, Afroperuanos, Ambiente y Ecolog\u00eda aprob\u00f3 hoy por unanimidad un proyecto de ley mediante el cual se propone declarar de necesidad y utilidad p\u00fablica la descontaminaci\u00f3n, protecci\u00f3n, recuperaci\u00f3n y conservaci\u00f3n ambiental de los puertos de Paita y Talara, en la Regi\u00f3n Piura. Si bien [&hellip;]<\/p>\n","protected":false},"author":2,"featured_media":6432,"comment_status":"open","ping_status":"open","sticky":false,"template":"","format":"standard","meta":{"footnotes":""},"categories":[78,63,67,72],"tags":[619,1154],"class_list":["post-6431","post","type-post","status-publish","format-standard","has-post-thumbnail","hentry","category-nacionales","category-noticias","category-pesqueria","category-regionales","tag-descontaminacion-de-bahias-de-paita-y-talara","tag-minam"],"_links":{"self":[{"href":"http:\/\/www.perupesquero.org\/web\/wp-json\/wp\/v2\/posts\/6431","targetHints":{"allow":["GET"]}}],"collection":[{"href":"http:\/\/www.perupesquero.org\/web\/wp-json\/wp\/v2\/posts"}],"about":[{"href":"http:\/\/www.perupesquero.org\/web\/wp-json\/wp\/v2\/types\/post"}],"author":[{"embeddable":true,"href":"http:\/\/www.perupesquero.org\/web\/wp-json\/wp\/v2\/users\/2"}],"replies":[{"embeddable":true,"href":"http:\/\/www.perupesquero.org\/web\/wp-json\/wp\/v2\/comments?post=6431"}],"version-history":[{"count":0,"href":"http:\/\/www.perupesquero.org\/web\/wp-json\/wp\/v2\/posts\/6431\/revisions"}],"wp:featuredmedia":[{"embeddable":true,"href":"http:\/\/www.perupesquero.org\/web\/wp-json\/wp\/v2\/media\/6432"}],"wp:attachment":[{"href":"http:\/\/www.perupesquero.org\/web\/wp-json\/wp\/v2\/media?parent=6431"}],"wp:term":[{"taxonomy":"category","embeddable":true,"href":"http:\/\/www.perupesquero.org\/web\/wp-json\/wp\/v2\/categories?post=6431"},{"taxonomy":"post_tag","embeddable":true,"href":"http:\/\/www.perupesquero.org\/web\/wp-json\/wp\/v2\/tags?post=6431"}],"curies":[{"name":"wp","href":"https:\/\/api.w.org\/{rel}","templated":true}]}}