{"id":6423,"date":"2015-11-09T20:09:14","date_gmt":"2015-11-10T01:09:14","guid":{"rendered":"http:\/\/www.perupesquero.org\/?p=6423"},"modified":"2015-11-09T20:09:14","modified_gmt":"2015-11-10T01:09:14","slug":"chile-industriales-pesqueros-rechazan-licitacion-de-crustaceos-ordenada-por-el-gobierno","status":"publish","type":"post","link":"http:\/\/www.perupesquero.org\/web\/chile-industriales-pesqueros-rechazan-licitacion-de-crustaceos-ordenada-por-el-gobierno\/","title":{"rendered":"CHILE &#8211; Industriales pesqueros rechazan licitaci\u00f3n de crust\u00e1ceos ordenada por el gobierno"},"content":{"rendered":"<p style=\"text-align: justify;\"><em>Con la informaci\u00f3n de: Aqua.cl<\/em><\/p>\n<p style=\"text-align: justify;\">Desaz\u00f3n manifest\u00f3 el sector de la pesca industrial de la Regi\u00f3n de Coquimbo tras conocer la medida adoptada por el Ejecutivo, a trav\u00e9s de la Subsecretar\u00eda de Pesca y Acuicultura (Subpesca), que ordena la licitaci\u00f3n de un 15% de la cuota anual del a\u00f1o 2016 en cuatro pesquer\u00edas, entre estas tres correspondientes a crust\u00e1ceos, los cuales constituyen el principal recurso del que se nutren los industriales de dicha Regi\u00f3n.<\/p>\n<p style=\"text-align: justify;\">La Resoluci\u00f3n Exenta N\u00b02.886\/15 de la Subpesca, publicada el 3 de noviembre en el Diario Oficial, informa las pesquer\u00edas que se encuentran en un nivel igual o superior al 90% de su rendimiento m\u00e1ximo sostenible y que dar\u00e1n lugar a un proceso de p\u00fablica subasta del 15% de la fracci\u00f3n industrial de la cuota global de captura.<\/p>\n<p style=\"text-align: justify;\">Tales pesquer\u00edas son la Sardina com\u00fan (regiones de Valpara\u00edso a Los Lagos), el Camar\u00f3n nailon (regiones de Antofagasta al Biob\u00edo), el Langostino amarillo (regiones de Atacama y Coquimbo) y el Langostino colorado (regiones de Arica a Coquimbo).<\/p>\n<p style=\"text-align: justify;\">La subasta deber\u00e1 realizarse en un plazo m\u00e1ximo de dos meses desde la publicaci\u00f3n de la resoluci\u00f3n, esto es, antes del 3 de enero de 2016.<\/p>\n<p style=\"text-align: justify;\">La Asociaci\u00f3n de Industriales y Armadores Pesqueros de la Regi\u00f3n de Coquimbo (AIP), a trav\u00e9s de su Presidente, Osciel Vel\u00e1squez, rechaz\u00f3 la decisi\u00f3n de la Subpesca, <em>\u201cpor cuanto las cuatro pesquer\u00edas mencionadas son, pr\u00e1cticamente, las \u00fanicas en Chile que sobresalen dentro de niveles sostenibles de captura, mientras que la mayor\u00eda de los recursos pesqueros del pa\u00eds se encuentran sobreexplotados. Adem\u00e1s, las pesquer\u00edas de crust\u00e1ceos tienen sobre 60 a\u00f1os de explotaci\u00f3n en el pa\u00eds y sus poblaciones gozan de buen estado de conservaci\u00f3n, lo cual refleja un grado importante de compromiso de los actuales actores pesqueros en la operaci\u00f3n de dichas pesquer\u00edas\u201d,<\/em> argument\u00f3 el representante gremial.<\/p>\n<p style=\"text-align: justify;\">Seg\u00fan Vel\u00e1squez, con la licitaci\u00f3n del 15% de la cuota anual de Langostino amarillo, Langostino colorado y Camar\u00f3n nylon, las empresas peque\u00f1as y medianas del sector,<em> \u201cque hasta ahora han logrado mantener este balance invirtiendo en mejores artes de pesca y gestionar concienzudamente sus vol\u00famenes de captura, ver\u00e1n reducidas sus respectivas cuotas y deber\u00e1n competir por el porcentaje subastado contra eventuales compa\u00f1\u00edas que privilegien la rentabilidad sobre la sustentabilidad y la permanencia de una actividad tradicional como son las pesquer\u00edas de crust\u00e1ceos en la Regi\u00f3n de Coquimbo\u201d<\/em>, subray\u00f3 el Timonel de la AIP.<\/p>\n<p style=\"text-align: justify;\">Por otra parte, asegur\u00f3 que la reciente contingencia del terremoto y posterior tsunami se ha traducido en p\u00e9rdidas cercanas al mill\u00f3n de d\u00f3lares en infraestructura de plantas de proceso, flota y bodegas de las empresas crustaceras. <em>\u201cPor esta raz\u00f3n, este a\u00f1o no se podr\u00e1 enterar la captura de las cuotas asignadas para las pesquer\u00edas citadas y los ingresos previstos ser\u00e1n inferiores a un a\u00f1o normal\u201d<\/em>, concluy\u00f3 Vel\u00e1squez.<\/p>\n","protected":false},"excerpt":{"rendered":"<p>Con la informaci\u00f3n de: Aqua.cl Desaz\u00f3n manifest\u00f3 el sector de la pesca industrial de la Regi\u00f3n de Coquimbo tras conocer la medida adoptada por el Ejecutivo, a trav\u00e9s de la Subsecretar\u00eda de Pesca y Acuicultura (Subpesca), que ordena la licitaci\u00f3n de un 15% de la cuota anual del a\u00f1o 2016 en cuatro pesquer\u00edas, entre estas [&hellip;]<\/p>\n","protected":false},"author":2,"featured_media":6424,"comment_status":"open","ping_status":"open","sticky":false,"template":"","format":"standard","meta":{"footnotes":""},"categories":[77,63,67],"tags":[390,1041,1042,1590,1654],"class_list":["post-6423","post","type-post","status-publish","format-standard","has-post-thumbnail","hentry","category-internacionales","category-noticias","category-pesqueria","tag-camaron","tag-langostino-amarillo","tag-langostino-colorado","tag-rechazan-licitacion-de-crustaceos","tag-sardina"],"_links":{"self":[{"href":"http:\/\/www.perupesquero.org\/web\/wp-json\/wp\/v2\/posts\/6423","targetHints":{"allow":["GET"]}}],"collection":[{"href":"http:\/\/www.perupesquero.org\/web\/wp-json\/wp\/v2\/posts"}],"about":[{"href":"http:\/\/www.perupesquero.org\/web\/wp-json\/wp\/v2\/types\/post"}],"author":[{"embeddable":true,"href":"http:\/\/www.perupesquero.org\/web\/wp-json\/wp\/v2\/users\/2"}],"replies":[{"embeddable":true,"href":"http:\/\/www.perupesquero.org\/web\/wp-json\/wp\/v2\/comments?post=6423"}],"version-history":[{"count":0,"href":"http:\/\/www.perupesquero.org\/web\/wp-json\/wp\/v2\/posts\/6423\/revisions"}],"wp:featuredmedia":[{"embeddable":true,"href":"http:\/\/www.perupesquero.org\/web\/wp-json\/wp\/v2\/media\/6424"}],"wp:attachment":[{"href":"http:\/\/www.perupesquero.org\/web\/wp-json\/wp\/v2\/media?parent=6423"}],"wp:term":[{"taxonomy":"category","embeddable":true,"href":"http:\/\/www.perupesquero.org\/web\/wp-json\/wp\/v2\/categories?post=6423"},{"taxonomy":"post_tag","embeddable":true,"href":"http:\/\/www.perupesquero.org\/web\/wp-json\/wp\/v2\/tags?post=6423"}],"curies":[{"name":"wp","href":"https:\/\/api.w.org\/{rel}","templated":true}]}}