{"id":6306,"date":"2015-10-29T13:54:57","date_gmt":"2015-10-29T18:54:57","guid":{"rendered":"http:\/\/www.perupesquero.org\/?p=6306"},"modified":"2015-10-29T13:54:57","modified_gmt":"2015-10-29T18:54:57","slug":"peru-solicita-apoyo-a-la-onu-frente-al-fenomeno-el-nino","status":"publish","type":"post","link":"http:\/\/www.perupesquero.org\/web\/peru-solicita-apoyo-a-la-onu-frente-al-fenomeno-el-nino\/","title":{"rendered":"Per\u00fa solicita apoyo a la ONU frente al fen\u00f3meno El Ni\u00f1o"},"content":{"rendered":"<p style=\"text-align: justify;\"><em>Con la informaci\u00f3n de: Larepublica.pe<\/em><\/p>\n<p style=\"text-align: justify;\">El Gobierno del Per\u00fa necesitar\u00e1 apoyo de los pa\u00edses vecinos para enfrentar los da\u00f1os del fen\u00f3meno El Ni\u00f1o, por lo que ya ha recurrido a la Organizaci\u00f3n de las Naciones Unidas (ONU).<br \/>\nEl Per\u00fa propuso que se promueva, ante este organismo, la aprobaci\u00f3n de un proyecto de resoluci\u00f3n sobre la <em>\u201ccooperaci\u00f3n internacional para reducir los efectos del fen\u00f3meno El Ni\u00f1o\u201d.<\/em><\/p>\n<p style=\"text-align: justify;\">Esta iniciativa fue presentada por el Ministerio de Relaciones Exteriores y coordinada conjuntamente con Ecuador.<\/p>\n<p style=\"text-align: justify;\">El proyecto de resoluci\u00f3n fue presentado el \u00faltimo lunes en el marco del 70\u00ba Periodo de Sesiones de la ONU, que se realizar\u00e1 en la Ciudad de Nueva York, Estados Unidos.<br \/>\nLa resoluci\u00f3n llama a la comunidad internacional a proporcionar urgente apoyo financiero, t\u00e9cnico y para el desarrollo de capacidades.<\/p>\n<p style=\"text-align: justify;\">En su momento, el Ministro de Agricultura, Manuel Benites, indic\u00f3 que se requerir\u00e1 de asistencia de personal voluntario y equipos satelitales para acceder a informaci\u00f3n meteorol\u00f3gica. Se\u00f1al\u00f3 adem\u00e1s que existen tres millones de soles para actuar en la etapa de recuperaci\u00f3n de El Ni\u00f1o, pasados los meses de emergencia.<\/p>\n","protected":false},"excerpt":{"rendered":"<p>Con la informaci\u00f3n de: Larepublica.pe El Gobierno del Per\u00fa necesitar\u00e1 apoyo de los pa\u00edses vecinos para enfrentar los da\u00f1os del fen\u00f3meno El Ni\u00f1o, por lo que ya ha recurrido a la Organizaci\u00f3n de las Naciones Unidas (ONU). El Per\u00fa propuso que se promueva, ante este organismo, la aprobaci\u00f3n de un proyecto de resoluci\u00f3n sobre la [&hellip;]<\/p>\n","protected":false},"author":2,"featured_media":6307,"comment_status":"open","ping_status":"open","sticky":false,"template":"","format":"standard","meta":{"footnotes":""},"categories":[78,63,72],"tags":[689,1592],"class_list":["post-6306","post","type-post","status-publish","format-standard","has-post-thumbnail","hentry","category-nacionales","category-noticias","category-regionales","tag-el-nino","tag-recuperacion-de-el-nino"],"_links":{"self":[{"href":"http:\/\/www.perupesquero.org\/web\/wp-json\/wp\/v2\/posts\/6306","targetHints":{"allow":["GET"]}}],"collection":[{"href":"http:\/\/www.perupesquero.org\/web\/wp-json\/wp\/v2\/posts"}],"about":[{"href":"http:\/\/www.perupesquero.org\/web\/wp-json\/wp\/v2\/types\/post"}],"author":[{"embeddable":true,"href":"http:\/\/www.perupesquero.org\/web\/wp-json\/wp\/v2\/users\/2"}],"replies":[{"embeddable":true,"href":"http:\/\/www.perupesquero.org\/web\/wp-json\/wp\/v2\/comments?post=6306"}],"version-history":[{"count":0,"href":"http:\/\/www.perupesquero.org\/web\/wp-json\/wp\/v2\/posts\/6306\/revisions"}],"wp:featuredmedia":[{"embeddable":true,"href":"http:\/\/www.perupesquero.org\/web\/wp-json\/wp\/v2\/media\/6307"}],"wp:attachment":[{"href":"http:\/\/www.perupesquero.org\/web\/wp-json\/wp\/v2\/media?parent=6306"}],"wp:term":[{"taxonomy":"category","embeddable":true,"href":"http:\/\/www.perupesquero.org\/web\/wp-json\/wp\/v2\/categories?post=6306"},{"taxonomy":"post_tag","embeddable":true,"href":"http:\/\/www.perupesquero.org\/web\/wp-json\/wp\/v2\/tags?post=6306"}],"curies":[{"name":"wp","href":"https:\/\/api.w.org\/{rel}","templated":true}]}}