{"id":6299,"date":"2015-10-29T13:43:24","date_gmt":"2015-10-29T18:43:24","guid":{"rendered":"http:\/\/www.perupesquero.org\/?p=6299"},"modified":"2015-10-29T13:43:24","modified_gmt":"2015-10-29T18:43:24","slug":"embajador-peruano-en-chile-reafirma-que-triangulo-terrestre-esta-bajo-soberania-del-peru","status":"publish","type":"post","link":"http:\/\/www.perupesquero.org\/web\/embajador-peruano-en-chile-reafirma-que-triangulo-terrestre-esta-bajo-soberania-del-peru\/","title":{"rendered":"Embajador peruano en Chile reafirma que tri\u00e1ngulo terrestre est\u00e1 bajo soberan\u00eda del Per\u00fa"},"content":{"rendered":"<p style=\"text-align: justify;\"><em>Con la informaci\u00f3n de: Gestion.pe<\/em><\/p>\n<p style=\"text-align: justify;\">En el mismo Palacio de La Moneda, y tras participar de una reuni\u00f3n con la Presidenta de la Rep\u00fablica, Michelle Bachelet, el Embajador de Lima en Santiago, Fernando Rojas, aclar\u00f3 de forma tajante que el Distrito La Yarada-Los Palos creado por Per\u00fa recientemente pasa por un terreno de su soberan\u00eda.<\/p>\n<p style=\"text-align: justify;\"><em>\u201cNo se trata de territorio chileno, es territorio absolutamente peruano. Per\u00fa tiene sus argumentos y son argumentos sumamente s\u00f3lidos, que pasan por el Tratado de 1929 y la forma c\u00f3mo fue delimitaba la frontera. Es importante tener en cuenta que tambi\u00e9n hay argumentos de parte del Per\u00fa que son s\u00f3lidos y basados en elementos jur\u00eddicos\u201d,<\/em> expres\u00f3 el diplom\u00e1tico.<\/p>\n<p style=\"text-align: justify;\">Dichas declaraciones responden directamente a la tesis chilena respecto a que el Tratado de 1929 acord\u00f3 exactamente lo contrario, en el sentido de que la frontera terrestre se delimit\u00f3 en el Hito N\u00b01, por donde precisamente pasa la nueva comuna peruana.<\/p>\n<p style=\"text-align: justify;\">El Canciller chileno Edgardo Riveros replic\u00f3 de inmediato los dichos de Rojas, explicando que <em>\u201chemos sido claros en se\u00f1alar que no existe tal tri\u00e1ngulo, porque a partir del Tratado de 1929 el punto de inicio de la frontera ha quedado claro en el Hito N\u00b0 1\u201d.<\/em><\/p>\n<p style=\"text-align: justify;\">En tanto, el Vocero del Gobierno chileno, Marcelo D\u00edaz, al ser consultado por el escenario que eligi\u00f3 el diplom\u00e1tico peruano para contradecir la postura chilena, solo se limit\u00f3 a remarcar que <strong><em>\u201cese tri\u00e1ngulo no existe y que es una ficci\u00f3n\u201d.<\/em><\/strong><\/p>\n<p style=\"text-align: justify;\">El Embajador, adem\u00e1s, respondi\u00f3 a las acusaciones de \u201cprovocaci\u00f3n\u201d que han emanado de legisladores chilenos por esta nueva arremetida territorial que se suma a la publicaci\u00f3n el a\u00f1o pasado de un mapa en donde esa zona se demarcaba dentro de territorio peruano: <em>\u201cEl acto no fue de ninguna manera provocador, ni mucho menos. Este proceso de dar un marco normativo a esa zona, a ese distrito, se ha iniciado hace m\u00e1s de 8 a\u00f1os, o sea no tiene que ver con el momento ni con las circunstancias\u201d<\/em>, aclar\u00f3 Rojas.<\/p>\n<p style=\"text-align: justify;\">Ante este escenario, las posiciones de ambos pa\u00edses cada vez se alejan m\u00e1s de una posible soluci\u00f3n sobre dicho terreno que qued\u00f3 pendiente tras el fallo de La Haya de 2014, que decidi\u00f3 no pronunciarse sobre el asunto.<\/p>\n<p style=\"text-align: justify;\">As\u00ed, ambas autoridades que ayer enfrentaron posiciones en La Moneda s\u00ed concordaron en que la \u00fanica soluci\u00f3n para destrabar el conflicto son los canales diplom\u00e1ticos y de derecho.<\/p>\n<p style=\"text-align: justify;\">Sin embargo, ninguna autoridad -hasta ahora- ha expresado la voluntad de sentarse a dialogar para alcanzar una salida.<\/p>\n<p style=\"text-align: justify;\">Con todo, a\u00fan se espera la respuesta que dar\u00e1 Chile a la nota diplom\u00e1tica presentada por Per\u00fa la semana pasada, y que seg\u00fan confirm\u00f3 Riveros deber\u00eda concretarse en las pr\u00f3ximas horas.<\/p>\n","protected":false},"excerpt":{"rendered":"<p>Con la informaci\u00f3n de: Gestion.pe En el mismo Palacio de La Moneda, y tras participar de una reuni\u00f3n con la Presidenta de la Rep\u00fablica, Michelle Bachelet, el Embajador de Lima en Santiago, Fernando Rojas, aclar\u00f3 de forma tajante que el Distrito La Yarada-Los Palos creado por Per\u00fa recientemente pasa por un terreno de su soberan\u00eda. [&hellip;]<\/p>\n","protected":false},"author":2,"featured_media":6301,"comment_status":"open","ping_status":"open","sticky":false,"template":"","format":"standard","meta":{"footnotes":""},"categories":[78,63,72],"tags":[449,1817],"class_list":["post-6299","post","type-post","status-publish","format-standard","has-post-thumbnail","hentry","category-nacionales","category-noticias","category-regionales","tag-chile","tag-triangulo-terrestre"],"_links":{"self":[{"href":"http:\/\/www.perupesquero.org\/web\/wp-json\/wp\/v2\/posts\/6299","targetHints":{"allow":["GET"]}}],"collection":[{"href":"http:\/\/www.perupesquero.org\/web\/wp-json\/wp\/v2\/posts"}],"about":[{"href":"http:\/\/www.perupesquero.org\/web\/wp-json\/wp\/v2\/types\/post"}],"author":[{"embeddable":true,"href":"http:\/\/www.perupesquero.org\/web\/wp-json\/wp\/v2\/users\/2"}],"replies":[{"embeddable":true,"href":"http:\/\/www.perupesquero.org\/web\/wp-json\/wp\/v2\/comments?post=6299"}],"version-history":[{"count":0,"href":"http:\/\/www.perupesquero.org\/web\/wp-json\/wp\/v2\/posts\/6299\/revisions"}],"wp:featuredmedia":[{"embeddable":true,"href":"http:\/\/www.perupesquero.org\/web\/wp-json\/wp\/v2\/media\/6301"}],"wp:attachment":[{"href":"http:\/\/www.perupesquero.org\/web\/wp-json\/wp\/v2\/media?parent=6299"}],"wp:term":[{"taxonomy":"category","embeddable":true,"href":"http:\/\/www.perupesquero.org\/web\/wp-json\/wp\/v2\/categories?post=6299"},{"taxonomy":"post_tag","embeddable":true,"href":"http:\/\/www.perupesquero.org\/web\/wp-json\/wp\/v2\/tags?post=6299"}],"curies":[{"name":"wp","href":"https:\/\/api.w.org\/{rel}","templated":true}]}}