{"id":6293,"date":"2015-10-28T22:23:40","date_gmt":"2015-10-29T03:23:40","guid":{"rendered":"http:\/\/www.perupesquero.org\/?p=6293"},"modified":"2015-10-28T22:23:40","modified_gmt":"2015-10-29T03:23:40","slug":"mas-de-3000-pescadores-artesanales-de-conchas-de-abanico-se-beneficiaran-con-capacitacion-de-produce","status":"publish","type":"post","link":"http:\/\/www.perupesquero.org\/web\/mas-de-3000-pescadores-artesanales-de-conchas-de-abanico-se-beneficiaran-con-capacitacion-de-produce\/","title":{"rendered":"M\u00e1s de 3,000 pescadores artesanales de conchas de abanico se beneficiar\u00e1n con capacitaci\u00f3n de PRODUCE"},"content":{"rendered":"<p style=\"text-align: justify;\"><em>Con la informaci\u00f3n de: Produce.gob.pe<\/em><\/p>\n<p style=\"text-align: justify;\">El Ministerio de la Producci\u00f3n inicio esta semana la capacitaci\u00f3n de asesores t\u00e9cnicos de 160 Organizaciones Sociales de Pescadores Artesanales (OSPA), a trav\u00e9s del cual se beneficiar\u00e1 a m\u00e1s de 3,000 hombres de Mar dedicados al cultivo de la Concha de abanico en la bah\u00eda de Sechura, en Piura.<\/p>\n<p style=\"text-align: justify;\">Dicha capacitaci\u00f3n -que se realiza con la colaboraci\u00f3n de la Escuela de Post Grado de la Universidad Nacional de Piura (UNP)- se brinda en atenci\u00f3n a uno de los acuerdos adoptados en la Mesa T\u00e9cnica Ampliada de Piura y a la necesidad de prevenir los posibles embates del fen\u00f3meno El Ni\u00f1o.<\/p>\n<p style=\"text-align: justify;\"><em>\u201cEste curso que es el resultado de las necesidades advertidas durante el desarrollo de la Mesa T\u00e9cnica Ampliada de Piura y que constituye un compromiso asumido por el Ministerio de la Producci\u00f3n; busca fortalecer las actividades de las OSPA a trav\u00e9s de sus asesores t\u00e9cnicos, quienes comparten la misma preocupaci\u00f3n por alcanzar el \u00e9xito en las actividades que realizan. Adem\u00e1s, se abordar\u00e1n temas para prevenir los posibles impactos y puntos cr\u00edticos que afectar\u00edan la actividad acu\u00edcola en la bah\u00eda de Sechura, as\u00ed como las acciones previstas a fin de minimizar los efectos del fen\u00f3meno El Ni\u00f1o\u201d,<\/em> se\u00f1al\u00f3 el Viceministro de Pesca y Acuicultura, Juan Carlos Requejo.<\/p>\n<p style=\"text-align: justify;\">Participan en el curso 30 profesionales acreditados ante la Direcci\u00f3n Regional de la Producci\u00f3n de Piura, DIREPRO \u2013 Piura por las OSPA que tienen derechos de repoblamiento de la concha de abanico en la mencionada bah\u00eda piurana. Entre ellos se encuentran ingenieros pesqueros, bi\u00f3logos y profesionales de carreras afines, adem\u00e1s de especialistas de la Regi\u00f3n vinculados directamente con las actividades acu\u00edcolas realizadas por las OSPA.<\/p>\n<p style=\"text-align: justify;\">La capacitaci\u00f3n, que culminar\u00e1 el pr\u00f3ximo 15 de noviembre, consta de 14 t\u00f3picos con una duraci\u00f3n total de 96 horas de clases te\u00f3ricas y pr\u00e1cticas sobre aspectos bioecol\u00f3gicos de la concha de abanico, t\u00e9cnicas de cultivo, aspectos sanitarios, oceanograf\u00eda y calidad de agua, evaluaci\u00f3n y monitoreo, normativa acu\u00edcola, formulaci\u00f3n de proyectos, entre otros.<\/p>\n<p style=\"text-align: justify;\"><strong>Fortalecer actividades de las OSPA<\/strong><\/p>\n<p style=\"text-align: justify;\">El Viceministro Requejo se\u00f1al\u00f3 que el eje central de la sostenibilidad de la producci\u00f3n de concha de abanico en la Bah\u00eda de Sechura pasa por el adecuado conocimiento de los factores que intervienen en el manejo del recurso y el medio que lo circunscribe. <em>\u201cPor eso resulta vital que los pescadores artesanales que desarrollan estas actividades acu\u00edcolas, cuenten con un adecuado asesoramiento profesional que les permita ser m\u00e1s eficientes en lo que hacen, y sobre todo mejoren su competitividad produciendo con calidad para los mercados exigentes de Europa y del mundo\u201d,<\/em> anot\u00f3 la autoridad de PRODUCE.<\/p>\n<p style=\"text-align: justify;\">Agreg\u00f3 que es importante que los participantes en dicha capacitaci\u00f3n compartan los mismos m\u00e9todos, procedimientos y t\u00e9cnicas en la actividad com\u00fan que realizan, pues ello conllevar\u00e1 a una estandarizaci\u00f3n de pr\u00e1cticas acu\u00edcolas que redundar\u00e1 en beneficio de la actividad.<\/p>\n<p style=\"text-align: justify;\">Afirm\u00f3, finalmente, que esta experiencia de capacitaci\u00f3n constituye un mecanismo eficaz de mejoramiento de la productividad de las OSPA, que puede ser replicable en otras zonas de producci\u00f3n similares en el pa\u00eds, puesto que sirve de faja de transmisi\u00f3n para tecnificar las actividades realizadas por pescadores artesanales.<\/p>\n<p style=\"text-align: justify;\">Cabe indicar que la Mesa T\u00e9cnica Ampliada de Piura es presidida por el Ministerio de la Producci\u00f3n y participan en ella la Direcci\u00f3n Regional de la Producci\u00f3n, el Organismo de Sanidad Pesquera (SANIPES), el Instituto del Mar Peruano (IMARPE), la Capitan\u00eda del Puerto de Paita, el Servicio Nacional de \u00c1reas Naturales Protegidas por el Estado (SERNANP) e integrantes del Comit\u00e9 de Apoyo. Su objetivo es mejorar la trazabilidad en la producci\u00f3n de concha de abanico, y al ordenamiento de las actividades acu\u00edcolas en dicha bah\u00eda.<\/p>\n","protected":false},"excerpt":{"rendered":"<p>Con la informaci\u00f3n de: Produce.gob.pe El Ministerio de la Producci\u00f3n inicio esta semana la capacitaci\u00f3n de asesores t\u00e9cnicos de 160 Organizaciones Sociales de Pescadores Artesanales (OSPA), a trav\u00e9s del cual se beneficiar\u00e1 a m\u00e1s de 3,000 hombres de Mar dedicados al cultivo de la Concha de abanico en la bah\u00eda de Sechura, en Piura. Dicha [&hellip;]<\/p>\n","protected":false},"author":2,"featured_media":3253,"comment_status":"open","ping_status":"open","sticky":false,"template":"","format":"standard","meta":{"footnotes":""},"categories":[78,63,67,72],"tags":[519],"class_list":["post-6293","post","type-post","status-publish","format-standard","has-post-thumbnail","hentry","category-nacionales","category-noticias","category-pesqueria","category-regionales","tag-concha-de-abanico"],"_links":{"self":[{"href":"http:\/\/www.perupesquero.org\/web\/wp-json\/wp\/v2\/posts\/6293","targetHints":{"allow":["GET"]}}],"collection":[{"href":"http:\/\/www.perupesquero.org\/web\/wp-json\/wp\/v2\/posts"}],"about":[{"href":"http:\/\/www.perupesquero.org\/web\/wp-json\/wp\/v2\/types\/post"}],"author":[{"embeddable":true,"href":"http:\/\/www.perupesquero.org\/web\/wp-json\/wp\/v2\/users\/2"}],"replies":[{"embeddable":true,"href":"http:\/\/www.perupesquero.org\/web\/wp-json\/wp\/v2\/comments?post=6293"}],"version-history":[{"count":0,"href":"http:\/\/www.perupesquero.org\/web\/wp-json\/wp\/v2\/posts\/6293\/revisions"}],"wp:featuredmedia":[{"embeddable":true,"href":"http:\/\/www.perupesquero.org\/web\/wp-json\/wp\/v2\/media\/3253"}],"wp:attachment":[{"href":"http:\/\/www.perupesquero.org\/web\/wp-json\/wp\/v2\/media?parent=6293"}],"wp:term":[{"taxonomy":"category","embeddable":true,"href":"http:\/\/www.perupesquero.org\/web\/wp-json\/wp\/v2\/categories?post=6293"},{"taxonomy":"post_tag","embeddable":true,"href":"http:\/\/www.perupesquero.org\/web\/wp-json\/wp\/v2\/tags?post=6293"}],"curies":[{"name":"wp","href":"https:\/\/api.w.org\/{rel}","templated":true}]}}