{"id":6290,"date":"2015-10-28T22:13:12","date_gmt":"2015-10-29T03:13:12","guid":{"rendered":"http:\/\/www.perupesquero.org\/?p=6290"},"modified":"2015-10-28T22:13:12","modified_gmt":"2015-10-29T03:13:12","slug":"b-a-p-callao-traslada-maquinaria-a-piura-para-prevencion-ante-el-nino","status":"publish","type":"post","link":"http:\/\/www.perupesquero.org\/web\/b-a-p-callao-traslada-maquinaria-a-piura-para-prevencion-ante-el-nino\/","title":{"rendered":"B.A.P. Callao traslada maquinaria a Piura para prevenci\u00f3n ante El Ni\u00f1o"},"content":{"rendered":"<p style=\"text-align: justify;\"><em>Con la informaci\u00f3n de: Andina.com.pe<\/em><\/p>\n<p style=\"text-align: justify;\">El B.A.P. Callao arrib\u00f3 al Puerto de Paita, en la Regi\u00f3n Piura, llevando 24 veh\u00edculos del Ej\u00e9rcito del Per\u00fa (tractores, camiones y excavadoras), que se emplear\u00e1n para realizar acciones de prevenci\u00f3n, como parte de la primera fase, frente al Fen\u00f3meno El Ni\u00f1o.<\/p>\n<p style=\"text-align: justify;\">Mediante un comunicado, la Marina de Guerra del Per\u00fa precis\u00f3 que el B.A.P. Callao arrib\u00f3 al Puerto de Paita en la v\u00edspera. Agreg\u00f3 que la unidad naval transport\u00f3 la maquinaria que ser\u00e1 destinada a las ciudades de Piura, Tumbes, Lambayeque y Trujillo.<\/p>\n<p style=\"text-align: justify;\">Estos veh\u00edculos permitir\u00e1n realizar trabajos de descolmataci\u00f3n de r\u00edos y refuerzo de zonas ribere\u00f1as, adem\u00e1s de servir para la fase de respuesta en apoyo a las zonas damnificadas una vez presentado el fen\u00f3meno.<\/p>\n<p style=\"text-align: justify;\">Cabe se\u00f1alar que la citada maquinaria estar\u00e1 asignada a la primera brigada de Infanter\u00eda, con sede en Tumbes; y la primera brigada de Artiller\u00eda, acantonada en Piura.<\/p>\n<p style=\"text-align: justify;\">Asimismo, en una segunda fase, se enviar\u00e1 cuatro equipos mec\u00e1nicos y siete veh\u00edculos, cuyo destino final ser\u00e1 la s\u00e9ptima brigada de Infanter\u00eda, ubicada en Lambayeque; y posteriormente, cinco equipos mec\u00e1nicos y cuatro veh\u00edculos que ser\u00e1n asignados a la 32\u00aa brigada de Infanter\u00eda de Trujillo, en La Libertad.<\/p>\n<p style=\"text-align: justify;\">Por \u00faltimo, La Marina de Guerra del Per\u00fa remarc\u00f3 que continuar\u00e1 apoyando en las diversas actividades relacionadas con la prevenci\u00f3n ante la probable presencia del Fen\u00f3meno El Ni\u00f1o.<\/p>\n","protected":false},"excerpt":{"rendered":"<p>Con la informaci\u00f3n de: Andina.com.pe El B.A.P. Callao arrib\u00f3 al Puerto de Paita, en la Regi\u00f3n Piura, llevando 24 veh\u00edculos del Ej\u00e9rcito del Per\u00fa (tractores, camiones y excavadoras), que se emplear\u00e1n para realizar acciones de prevenci\u00f3n, como parte de la primera fase, frente al Fen\u00f3meno El Ni\u00f1o. Mediante un comunicado, la Marina de Guerra del [&hellip;]<\/p>\n","protected":false},"author":2,"featured_media":6291,"comment_status":"open","ping_status":"open","sticky":false,"template":"","format":"standard","meta":{"footnotes":""},"categories":[78,63,67,72],"tags":[278,805,1557],"class_list":["post-6290","post","type-post","status-publish","format-standard","has-post-thumbnail","hentry","category-nacionales","category-noticias","category-pesqueria","category-regionales","tag-b-a-p-callao","tag-fenomeno-el-nino","tag-puerto-de-paita"],"_links":{"self":[{"href":"http:\/\/www.perupesquero.org\/web\/wp-json\/wp\/v2\/posts\/6290","targetHints":{"allow":["GET"]}}],"collection":[{"href":"http:\/\/www.perupesquero.org\/web\/wp-json\/wp\/v2\/posts"}],"about":[{"href":"http:\/\/www.perupesquero.org\/web\/wp-json\/wp\/v2\/types\/post"}],"author":[{"embeddable":true,"href":"http:\/\/www.perupesquero.org\/web\/wp-json\/wp\/v2\/users\/2"}],"replies":[{"embeddable":true,"href":"http:\/\/www.perupesquero.org\/web\/wp-json\/wp\/v2\/comments?post=6290"}],"version-history":[{"count":0,"href":"http:\/\/www.perupesquero.org\/web\/wp-json\/wp\/v2\/posts\/6290\/revisions"}],"wp:featuredmedia":[{"embeddable":true,"href":"http:\/\/www.perupesquero.org\/web\/wp-json\/wp\/v2\/media\/6291"}],"wp:attachment":[{"href":"http:\/\/www.perupesquero.org\/web\/wp-json\/wp\/v2\/media?parent=6290"}],"wp:term":[{"taxonomy":"category","embeddable":true,"href":"http:\/\/www.perupesquero.org\/web\/wp-json\/wp\/v2\/categories?post=6290"},{"taxonomy":"post_tag","embeddable":true,"href":"http:\/\/www.perupesquero.org\/web\/wp-json\/wp\/v2\/tags?post=6290"}],"curies":[{"name":"wp","href":"https:\/\/api.w.org\/{rel}","templated":true}]}}