{"id":6273,"date":"2015-10-26T16:39:56","date_gmt":"2015-10-26T21:39:56","guid":{"rendered":"http:\/\/www.perupesquero.org\/?p=6273"},"modified":"2015-10-26T16:39:56","modified_gmt":"2015-10-26T21:39:56","slug":"piura-trabajos-de-prevencion-en-el-rio-piura-culminaran-en-noviembre","status":"publish","type":"post","link":"http:\/\/www.perupesquero.org\/web\/piura-trabajos-de-prevencion-en-el-rio-piura-culminaran-en-noviembre\/","title":{"rendered":"PIURA &#8211; Trabajos de prevenci\u00f3n en el R\u00edo Piura culminar\u00e1n en noviembre"},"content":{"rendered":"<p style=\"text-align: justify;\"><em>Con la informaci\u00f3n de: Andina.com.pe<\/em><\/p>\n<p style=\"text-align: justify;\">En la segunda quincena de noviembre pr\u00f3ximo culminar\u00e1n los trabajos de descolmataci\u00f3n y limpieza del R\u00edo Piura, como parte de la prevenci\u00f3n y mitigaci\u00f3n ante el Fen\u00f3meno El Ni\u00f1o (FEN), anunci\u00f3 hoy el Gobierno Regional de Piura.<\/p>\n<p style=\"text-align: justify;\">Eduardo Arbul\u00fa Gonz\u00e1les, Jefe de la Oficina de Defensa y Seguridad de dicho Gobierno Regional, indic\u00f3 a la Agencia Andina que a la fecha se ha avanzado a lo largo de 52 kil\u00f3metros del cauce, desde el puente colgante Independencia hasta la Laguna Ram\u00f3n, en el sector del Bajo Piura, el m\u00e1s vulnerable en caso de inundaci\u00f3n por intensas lluvias.<\/p>\n<p style=\"text-align: justify;\">Precis\u00f3 que estas labores, a cargo de 17 veh\u00edculos pesados, demand\u00f3 una inversi\u00f3n de 32 millones de nuevos soles.<\/p>\n<p style=\"text-align: justify;\">Son 39 localidades consideradas las m\u00e1s vulnerables en toda la Regi\u00f3n, donde se han asentado 4,747 viviendas en su mayor\u00eda precarias, y en la que habitan m\u00e1s de 36,000 personas.<\/p>\n<p style=\"text-align: justify;\">El Funcionario regional afirm\u00f3 que existe un proyecto propuesto por el Municipio provincial, para evacuar las aguas que se acumulan en las llamadas \u201ccuencas ciegas&#8221; que se forman en \u00e9poca de lluvias en terrenos sumidos e inestables y donde se incrementa el riesgo de desborde o convertirse en focos de infecci\u00f3n de enfermedades como el dengue, la fiebre amarilla o chikungunya.<\/p>\n<p style=\"text-align: justify;\">Este proyecto, que demanda una inversi\u00f3n de 167 millones de nuevos soles, cuenta con c\u00f3digo SNIP, pero debido a que su ejecuci\u00f3n demandar\u00e1 alrededor de un a\u00f1o, se ejecutar\u00e1 al finalizar el per\u00edodo de lluvias.<\/p>\n<p style=\"text-align: justify;\">Arbul\u00fa Gonzales detall\u00f3 tambi\u00e9n que se instalaron tres estaciones de bombeo: Ignacio Merino, El Chilcal y Quillman, que permiten sacar las aguas de algunas cuencas ciegas por tuber\u00edas de 22 pulgadas de di\u00e1metro.<\/p>\n<p style=\"text-align: justify;\">Por \u00faltimo, el Funcionario refiri\u00f3 que se trabaja en la limpieza y rehabilitaci\u00f3n del dren Maldonado, que cruza la Ciudad de este a oeste y que deriva las aguas a la Laguna Santa Julia.<\/p>\n","protected":false},"excerpt":{"rendered":"<p>Con la informaci\u00f3n de: Andina.com.pe En la segunda quincena de noviembre pr\u00f3ximo culminar\u00e1n los trabajos de descolmataci\u00f3n y limpieza del R\u00edo Piura, como parte de la prevenci\u00f3n y mitigaci\u00f3n ante el Fen\u00f3meno El Ni\u00f1o (FEN), anunci\u00f3 hoy el Gobierno Regional de Piura. Eduardo Arbul\u00fa Gonz\u00e1les, Jefe de la Oficina de Defensa y Seguridad de dicho [&hellip;]<\/p>\n","protected":false},"author":2,"featured_media":6274,"comment_status":"open","ping_status":"open","sticky":false,"template":"","format":"standard","meta":{"footnotes":""},"categories":[78,63,67,72],"tags":[799,1622],"class_list":["post-6273","post","type-post","status-publish","format-standard","has-post-thumbnail","hentry","category-nacionales","category-noticias","category-pesqueria","category-regionales","tag-fen","tag-rio-piura"],"_links":{"self":[{"href":"http:\/\/www.perupesquero.org\/web\/wp-json\/wp\/v2\/posts\/6273","targetHints":{"allow":["GET"]}}],"collection":[{"href":"http:\/\/www.perupesquero.org\/web\/wp-json\/wp\/v2\/posts"}],"about":[{"href":"http:\/\/www.perupesquero.org\/web\/wp-json\/wp\/v2\/types\/post"}],"author":[{"embeddable":true,"href":"http:\/\/www.perupesquero.org\/web\/wp-json\/wp\/v2\/users\/2"}],"replies":[{"embeddable":true,"href":"http:\/\/www.perupesquero.org\/web\/wp-json\/wp\/v2\/comments?post=6273"}],"version-history":[{"count":0,"href":"http:\/\/www.perupesquero.org\/web\/wp-json\/wp\/v2\/posts\/6273\/revisions"}],"wp:featuredmedia":[{"embeddable":true,"href":"http:\/\/www.perupesquero.org\/web\/wp-json\/wp\/v2\/media\/6274"}],"wp:attachment":[{"href":"http:\/\/www.perupesquero.org\/web\/wp-json\/wp\/v2\/media?parent=6273"}],"wp:term":[{"taxonomy":"category","embeddable":true,"href":"http:\/\/www.perupesquero.org\/web\/wp-json\/wp\/v2\/categories?post=6273"},{"taxonomy":"post_tag","embeddable":true,"href":"http:\/\/www.perupesquero.org\/web\/wp-json\/wp\/v2\/tags?post=6273"}],"curies":[{"name":"wp","href":"https:\/\/api.w.org\/{rel}","templated":true}]}}