{"id":6267,"date":"2015-10-26T16:27:33","date_gmt":"2015-10-26T21:27:33","guid":{"rendered":"http:\/\/www.perupesquero.org\/?p=6267"},"modified":"2015-10-26T16:27:33","modified_gmt":"2015-10-26T21:27:33","slug":"tumbes-asalto-en-altamar-cobra-otra-vida","status":"publish","type":"post","link":"http:\/\/www.perupesquero.org\/web\/tumbes-asalto-en-altamar-cobra-otra-vida\/","title":{"rendered":"TUMBES &#8211; Asalto en altamar cobra otra vida"},"content":{"rendered":"<p style=\"text-align: justify;\"><em>Con la informaci\u00f3n de: Diariocorreo.pe<\/em><\/p>\n<p style=\"text-align: justify;\">Otra muerte en altamar se cobran los \u201cPiratas\u201d tras asaltar una embarcaci\u00f3n de pescadores artesanales.<\/p>\n<p style=\"text-align: justify;\">Se trata de Jos\u00e9 Pizarro Garc\u00eda (34) quien recibi\u00f3 un disparo en la frente tras la hu\u00edda de los hampones con el bot\u00edn.<\/p>\n<p style=\"text-align: justify;\">Seg\u00fan las primeras investigaciones el hecho ocurri\u00f3 alrededor de la 1:00 de la madrugada de hoy en el sector conocido como Boca Grande, frente a Puerto Pizarro, en Tumbes. En este lugar la v\u00edctima y sus compa\u00f1eros de la embarcaci\u00f3n \u201cMaril\u00edn\u201d fueron sorprendidos por unos encapuchados que llegaron a bordo de un yate.<\/p>\n<p style=\"text-align: justify;\">Tras amenazarlos con arma de fuego y obligarlos a sentarse en la embarcaci\u00f3n para que no sean identificados, los facinerosos procedieron a despojarlos de la pesca, equipos de navegaci\u00f3n y objetos personales.<\/p>\n<p style=\"text-align: justify;\"><strong>V\u00cdCTIMA.<\/strong> Al momento que emprend\u00edan la fuga Jos\u00e9 Pizarro se levanta para tratar de reconocer a los delincuentes, pero fue sorprendido con un disparo mortal en la frente.<\/p>\n<p style=\"text-align: justify;\">Sus compa\u00f1eros hicieron todo lo posible para trasladarlo a tierra y salvarle la vida, sin embargo el desafortunado pescador dej\u00f3 de existir a las 3:00 de la madrugada en el hospital regional.<\/p>\n<p style=\"text-align: justify;\">Se sabe que en la embarcaci\u00f3n la v\u00edctima estaba acompa\u00f1ado de su padre.<\/p>\n","protected":false},"excerpt":{"rendered":"<p>Con la informaci\u00f3n de: Diariocorreo.pe Otra muerte en altamar se cobran los \u201cPiratas\u201d tras asaltar una embarcaci\u00f3n de pescadores artesanales. Se trata de Jos\u00e9 Pizarro Garc\u00eda (34) quien recibi\u00f3 un disparo en la frente tras la hu\u00edda de los hampones con el bot\u00edn. Seg\u00fan las primeras investigaciones el hecho ocurri\u00f3 alrededor de la 1:00 de [&hellip;]<\/p>\n","protected":false},"author":2,"featured_media":6268,"comment_status":"open","ping_status":"open","sticky":false,"template":"","format":"standard","meta":{"footnotes":""},"categories":[78,63,67,72],"tags":[1086,1395],"class_list":["post-6267","post","type-post","status-publish","format-standard","has-post-thumbnail","hentry","category-nacionales","category-noticias","category-pesqueria","category-regionales","tag-los-piratas","tag-pescadores-artesanales"],"_links":{"self":[{"href":"http:\/\/www.perupesquero.org\/web\/wp-json\/wp\/v2\/posts\/6267","targetHints":{"allow":["GET"]}}],"collection":[{"href":"http:\/\/www.perupesquero.org\/web\/wp-json\/wp\/v2\/posts"}],"about":[{"href":"http:\/\/www.perupesquero.org\/web\/wp-json\/wp\/v2\/types\/post"}],"author":[{"embeddable":true,"href":"http:\/\/www.perupesquero.org\/web\/wp-json\/wp\/v2\/users\/2"}],"replies":[{"embeddable":true,"href":"http:\/\/www.perupesquero.org\/web\/wp-json\/wp\/v2\/comments?post=6267"}],"version-history":[{"count":0,"href":"http:\/\/www.perupesquero.org\/web\/wp-json\/wp\/v2\/posts\/6267\/revisions"}],"wp:featuredmedia":[{"embeddable":true,"href":"http:\/\/www.perupesquero.org\/web\/wp-json\/wp\/v2\/media\/6268"}],"wp:attachment":[{"href":"http:\/\/www.perupesquero.org\/web\/wp-json\/wp\/v2\/media?parent=6267"}],"wp:term":[{"taxonomy":"category","embeddable":true,"href":"http:\/\/www.perupesquero.org\/web\/wp-json\/wp\/v2\/categories?post=6267"},{"taxonomy":"post_tag","embeddable":true,"href":"http:\/\/www.perupesquero.org\/web\/wp-json\/wp\/v2\/tags?post=6267"}],"curies":[{"name":"wp","href":"https:\/\/api.w.org\/{rel}","templated":true}]}}