{"id":6261,"date":"2015-10-24T15:40:07","date_gmt":"2015-10-24T20:40:07","guid":{"rendered":"http:\/\/www.perupesquero.org\/?p=6261"},"modified":"2015-10-24T15:40:07","modified_gmt":"2015-10-24T20:40:07","slug":"produce-autoriza-medicion-de-biomasa-de-anchoveta-para-determinar-si-habra-segunda-temporada-de-pesca","status":"publish","type":"post","link":"http:\/\/www.perupesquero.org\/web\/produce-autoriza-medicion-de-biomasa-de-anchoveta-para-determinar-si-habra-segunda-temporada-de-pesca\/","title":{"rendered":"Produce autoriza medici\u00f3n de biomasa de Anchoveta para determinar si habr\u00e1 segunda temporada de pesca"},"content":{"rendered":"<p style=\"text-align: justify;\"><em>Con la informaci\u00f3n de: Peru21.pe<\/em><\/p>\n<p style=\"text-align: justify;\">Personal del Instituto del Mar del Per\u00fa (Imarpe) inicia hoy la exploraci\u00f3n ac\u00fastica conjunta en la zona centro-norte del Mar peruano, que debe concluir el 28 de octubre, bajo la autorizaci\u00f3n del Ministerio de la Producci\u00f3n (Produce). Los resultados se entregar\u00e1n el 31 de octubre.<\/p>\n<p style=\"text-align: justify;\">El objetivo de esta evaluaci\u00f3n es medir la biomasa de la Anchoveta, que cambia debido al fen\u00f3meno de El Ni\u00f1o, adem\u00e1s la evaluaci\u00f3n tambi\u00e9n servir\u00e1 para determinar si habr\u00e1 una segunda temporada de pesca.<\/p>\n<p style=\"text-align: justify;\">El Ministro de producci\u00f3n, Piero Ghezzi, coment\u00f3 que ser\u00eda una gran irresponsabilidad para el pa\u00eds dar una cuota de Anchoveta sin que exista la biomasa necesaria, pero tambi\u00e9n lo ser\u00eda no darla por no usar todos los instrumentos cient\u00edficos de medici\u00f3n disponibles.<\/p>\n<p style=\"text-align: justify;\">El Titular de Produce enfatiz\u00f3 que lo m\u00e1s importante es la sostenibilidad del recurso; si esta se garantiza, habr\u00e1 temporada de pesca y as\u00ed no se perder\u00e1n empleos en el sector.<\/p>\n","protected":false},"excerpt":{"rendered":"<p>Con la informaci\u00f3n de: Peru21.pe Personal del Instituto del Mar del Per\u00fa (Imarpe) inicia hoy la exploraci\u00f3n ac\u00fastica conjunta en la zona centro-norte del Mar peruano, que debe concluir el 28 de octubre, bajo la autorizaci\u00f3n del Ministerio de la Producci\u00f3n (Produce). Los resultados se entregar\u00e1n el 31 de octubre. El objetivo de esta evaluaci\u00f3n [&hellip;]<\/p>\n","protected":false},"author":2,"featured_media":6262,"comment_status":"open","ping_status":"open","sticky":false,"template":"","format":"standard","meta":{"footnotes":""},"categories":[78,63,67,72],"tags":[915,1512],"class_list":["post-6261","post","type-post","status-publish","format-standard","has-post-thumbnail","hentry","category-nacionales","category-noticias","category-pesqueria","category-regionales","tag-imarpe","tag-produce"],"_links":{"self":[{"href":"http:\/\/www.perupesquero.org\/web\/wp-json\/wp\/v2\/posts\/6261","targetHints":{"allow":["GET"]}}],"collection":[{"href":"http:\/\/www.perupesquero.org\/web\/wp-json\/wp\/v2\/posts"}],"about":[{"href":"http:\/\/www.perupesquero.org\/web\/wp-json\/wp\/v2\/types\/post"}],"author":[{"embeddable":true,"href":"http:\/\/www.perupesquero.org\/web\/wp-json\/wp\/v2\/users\/2"}],"replies":[{"embeddable":true,"href":"http:\/\/www.perupesquero.org\/web\/wp-json\/wp\/v2\/comments?post=6261"}],"version-history":[{"count":0,"href":"http:\/\/www.perupesquero.org\/web\/wp-json\/wp\/v2\/posts\/6261\/revisions"}],"wp:featuredmedia":[{"embeddable":true,"href":"http:\/\/www.perupesquero.org\/web\/wp-json\/wp\/v2\/media\/6262"}],"wp:attachment":[{"href":"http:\/\/www.perupesquero.org\/web\/wp-json\/wp\/v2\/media?parent=6261"}],"wp:term":[{"taxonomy":"category","embeddable":true,"href":"http:\/\/www.perupesquero.org\/web\/wp-json\/wp\/v2\/categories?post=6261"},{"taxonomy":"post_tag","embeddable":true,"href":"http:\/\/www.perupesquero.org\/web\/wp-json\/wp\/v2\/tags?post=6261"}],"curies":[{"name":"wp","href":"https:\/\/api.w.org\/{rel}","templated":true}]}}