{"id":6065,"date":"2015-10-05T10:16:07","date_gmt":"2015-10-05T15:16:07","guid":{"rendered":"http:\/\/www.perupesquero.org\/?p=6065"},"modified":"2015-10-05T10:16:07","modified_gmt":"2015-10-05T15:16:07","slug":"la-onu-pide-dejar-de-tratar-a-los-oceanos-como-basureros","status":"publish","type":"post","link":"http:\/\/www.perupesquero.org\/web\/la-onu-pide-dejar-de-tratar-a-los-oceanos-como-basureros\/","title":{"rendered":"La ONU pide dejar de tratar a los oc\u00e9anos como basureros"},"content":{"rendered":"<p style=\"text-align: justify;\"><em>Con la informaci\u00f3n de: Elcomercio.pe<\/em><\/p>\n<p style=\"text-align: justify;\">Los pa\u00edses tienen que dejar de tratar los oc\u00e9anos como si fueran un vertedero, reclam\u00f3 el Director general de la Organizaci\u00f3n de las Naciones Unidas para la Alimentaci\u00f3n y la Agricultura (FAO), Jos\u00e9 Graziano, en v\u00edspera de la Conferencia Nuestro Oc\u00e9ano, que se celebrar\u00e1 esta semana en la Ciudad chilena de Valpara\u00edso.<\/p>\n<p style=\"text-align: justify;\"><em>&#8220;Los oc\u00e9anos se han convertido en el gran basurero del mundo, ah\u00ed echamos todo lo que no nos sirve&#8221;,<\/em> advirti\u00f3 el Responsable de la FAO, quien participar\u00e1 en esta reuni\u00f3n de alto nivel a la que asistir\u00e1n m\u00e1s de 400 personalidades del \u00e1mbito pol\u00edtico, acad\u00e9mico y empresarial, y cuyo objetivo es fijar compromisos gubernamentales sobre la materia.<\/p>\n<p style=\"text-align: justify;\"><em>&#8220;A los lugares m\u00e1s profundos de los oc\u00e9anos arrojamos hasta cargas nucleares. \u00bfC\u00f3mo podemos tratar la piscina de nuestra casa como si fuera un basurero?&#8221;,<\/em> dijo Graziano.<\/p>\n<p style=\"text-align: justify;\"><em>&#8220;Hoy d\u00eda hablamos de nuevas fronteras para garantizar la producci\u00f3n de alimentos con el fin de garantizar el futuro de la especie humana&#8221;<\/em>, indic\u00f3.<\/p>\n<p style=\"text-align: justify;\"><em>&#8220;Y mucha gente no tiene ni idea del potencial de los oc\u00e9anos, excepto como algo id\u00edlico&#8221;<\/em>, se\u00f1al\u00f3 Graziano, quien advirti\u00f3 que muchos pa\u00edses carecen de institucionalidad para tratar los oc\u00e9anos, aunque dependan de ellos.<\/p>\n<p style=\"text-align: justify;\">Un ejemplo de ello son los peque\u00f1os estados insulares, que poseen 370 kil\u00f3metros de zona econ\u00f3mica exclusiva <em>&#8220;pero carecen de capacidad para implementar la protecci\u00f3n sobre esa zona mar\u00edtima&#8221;.<\/em><\/p>\n<p style=\"text-align: justify;\"><em>&#8220;Hay un conjunto de acuerdos internacionales que no entran en vigor porque no han sido suscritos por los pa\u00edses, como el Acuerdo del Estado de los Puertos, el Acuerdo sobre la Pesca Ilegal o el C\u00f3digo de Conducta para la Pesca Industrial y Artesanal&#8221;,<\/em> explic\u00f3 el alto funcionario de la ONU.<\/p>\n<p style=\"text-align: justify;\">En la Conferencia Nuestro Oc\u00e9ano que comienza ma\u00f1ana se espera que Estados Unidos anuncie la firma del Acuerdo Internacional del Estado de los Puertos, que combate la pesca ilegal y obliga a los barcos a identificarse.<\/p>\n<p style=\"text-align: justify;\"><em>&#8220;Ya tenemos nueve especies -entre ellas el At\u00fan- amenazadas de extinci\u00f3n si continuamos explotando los recursos pesqueros de la manera en la que los estamos haciendo&#8221;,<\/em> advirti\u00f3 Graziano.<\/p>\n<p style=\"text-align: justify;\"><em>&#8220;Necesitamos instrumentos efectivos para forzar el cumplimiento de los acuerdos a nivel internacional&#8221;,<\/em> agreg\u00f3.<\/p>\n<p style=\"text-align: justify;\">En su condici\u00f3n de m\u00e1ximo responsable de la FAO, Jos\u00e9 Graziano particip\u00f3 en junio del a\u00f1o pasado en la primera edici\u00f3n de esta reuni\u00f3n de alto nivel, que congreg\u00f3 a pol\u00edticos, cient\u00edficos, l\u00edderes mundiales, empresarios, ambientalistas y fil\u00e1ntropos de m\u00e1s de 90 pa\u00edses, quienes se comprometieron a fortalecer la protecci\u00f3n y conservaci\u00f3n marina.<\/p>\n<p style=\"text-align: justify;\">La primera Conferencia dio impulso a alianzas e iniciativas valoradas en m\u00e1s de 800 millones de d\u00f3lares para conservar el Oc\u00e9ano y a nuevos compromisos para la protecci\u00f3n de m\u00e1s de tres millones de kil\u00f3metros cuadrados de Mar.<\/p>\n<p style=\"text-align: justify;\">En el evento que comienza ma\u00f1ana en Valpara\u00edso, a 120 kil\u00f3metros al noroeste de Santiago, se rendir\u00e1 cuenta de los compromisos realizados en Washington y se efectuar\u00e1n nuevos e importantes anuncios.<\/p>\n<p style=\"text-align: justify;\">Al respecto, el Canciller chileno, Heraldo Mu\u00f1oz, anuncio que la Presidenta Michelle Bachelet dar\u00e1 a conocer &#8220;importantes anuncios&#8221; sobre los compromisos que tomar\u00e1 el pa\u00eds austral.<\/p>\n<p style=\"text-align: justify;\"><em>&#8220;Vamos a tener en Chile a todos quienes tienen que ver con el futuro de nuestro Oc\u00e9ano&#8221;<\/em>, se\u00f1al\u00f3 el ministro de Relaciones Exteriores, quien record\u00f3 que la reuni\u00f3n acoger\u00e1 tambi\u00e9n a representantes de fundaciones y organismos internacionales dedicados al medio ambiente y el desarrollo sustentable.<\/p>\n<p style=\"text-align: justify;\"><em>&#8220;Miramos los oc\u00e9anos de la forma m\u00e1s primitiva. Quiz\u00e1s la \u00faltima cosa que seguimos cazando como hac\u00edan nuestros ancestros antes de aparecer la agricultura sean los pescados&#8221;,<\/em> record\u00f3 el director general de la FAO, quien hablar\u00e1 en la conferencia sobre la &#8220;Econom\u00eda Azul&#8221;, que busca promover el desarrollo sostenible en los oc\u00e9anos y las zonas costeras.<\/p>\n","protected":false},"excerpt":{"rendered":"<p>Con la informaci\u00f3n de: Elcomercio.pe Los pa\u00edses tienen que dejar de tratar los oc\u00e9anos como si fueran un vertedero, reclam\u00f3 el Director general de la Organizaci\u00f3n de las Naciones Unidas para la Alimentaci\u00f3n y la Agricultura (FAO), Jos\u00e9 Graziano, en v\u00edspera de la Conferencia Nuestro Oc\u00e9ano, que se celebrar\u00e1 esta semana en la Ciudad chilena [&hellip;]<\/p>\n","protected":false},"author":2,"featured_media":6066,"comment_status":"open","ping_status":"open","sticky":false,"template":"","format":"standard","meta":{"footnotes":""},"categories":[77,63],"tags":[601,1282],"class_list":["post-6065","post","type-post","status-publish","format-standard","has-post-thumbnail","hentry","category-internacionales","category-noticias","tag-dejar-de-tratar-a-los-oceanos-como-basureros","tag-onu"],"_links":{"self":[{"href":"http:\/\/www.perupesquero.org\/web\/wp-json\/wp\/v2\/posts\/6065","targetHints":{"allow":["GET"]}}],"collection":[{"href":"http:\/\/www.perupesquero.org\/web\/wp-json\/wp\/v2\/posts"}],"about":[{"href":"http:\/\/www.perupesquero.org\/web\/wp-json\/wp\/v2\/types\/post"}],"author":[{"embeddable":true,"href":"http:\/\/www.perupesquero.org\/web\/wp-json\/wp\/v2\/users\/2"}],"replies":[{"embeddable":true,"href":"http:\/\/www.perupesquero.org\/web\/wp-json\/wp\/v2\/comments?post=6065"}],"version-history":[{"count":0,"href":"http:\/\/www.perupesquero.org\/web\/wp-json\/wp\/v2\/posts\/6065\/revisions"}],"wp:featuredmedia":[{"embeddable":true,"href":"http:\/\/www.perupesquero.org\/web\/wp-json\/wp\/v2\/media\/6066"}],"wp:attachment":[{"href":"http:\/\/www.perupesquero.org\/web\/wp-json\/wp\/v2\/media?parent=6065"}],"wp:term":[{"taxonomy":"category","embeddable":true,"href":"http:\/\/www.perupesquero.org\/web\/wp-json\/wp\/v2\/categories?post=6065"},{"taxonomy":"post_tag","embeddable":true,"href":"http:\/\/www.perupesquero.org\/web\/wp-json\/wp\/v2\/tags?post=6065"}],"curies":[{"name":"wp","href":"https:\/\/api.w.org\/{rel}","templated":true}]}}