{"id":6062,"date":"2015-10-05T10:02:14","date_gmt":"2015-10-05T15:02:14","guid":{"rendered":"http:\/\/www.perupesquero.org\/?p=6062"},"modified":"2015-10-05T10:02:14","modified_gmt":"2015-10-05T15:02:14","slug":"chile-protegera-las-aguas-de-la-isla-de-pascua-contra-la-pesca-ilegal","status":"publish","type":"post","link":"http:\/\/www.perupesquero.org\/web\/chile-protegera-las-aguas-de-la-isla-de-pascua-contra-la-pesca-ilegal\/","title":{"rendered":"CHILE &#8211; Proteger\u00e1 las aguas de la Isla de Pascua contra la pesca ilegal"},"content":{"rendered":"<p style=\"text-align: justify;\"><em>Con la informaci\u00f3n de: Elpais.com<\/em><\/p>\n<p style=\"text-align: justify;\">La Presidenta de Chile, Michelle Bachelet, ha anunciado este lunes el compromiso de crear una de las \u00e1reas marinas protegidas m\u00e1s grandes del planeta. Se trata del futuro parque marino que se har\u00e1 en las aguas de la Isla de Pascua, que pertenece a Chile aunque est\u00e1 ubicada en la Polinesia, en mitad del Pac\u00edfico.<\/p>\n<p>Los rapanuis, el pueblo ind\u00edgena de esta remota isla, presentaron a mediados de septiembre una propuesta para que se blinden sus aguas contra los barcos piratas que arrasan con sus recursos. Ser\u00eda una v\u00eda para tratar de luchar contra la pesca ilegal, que esquilma los recursos de Rapa Nui. Agrupados en la llamada Mesa del Mar, donde est\u00e1n representadas una veintena de asociaciones e instituciones locales, los rapanuis han estado un a\u00f1o trabajando en esta propuesta. Por un lado, piden la creaci\u00f3n de una reserva marina en la zona m\u00e1s pr\u00f3xima a la costa, donde se les permitir\u00e1 a los rapanui seguir pescando con sus artes artesanales. En la parte exterior la propuesta incluye un parque marino, donde estar\u00e1n vetadas la pesca y la extracci\u00f3n de hidrocarburos o minerales. En total, se trata de un \u00e1rea de unos 600.000 kil\u00f3metros cuadrados.<\/p>\n<p style=\"text-align: justify;\">Bachelet ha anunciado el compromiso de creaci\u00f3n del \u00e1rea protegida durante la inauguraci\u00f3n de la conferencia internacional Nuestro Oc\u00e9ano, que se celebra en Valpara\u00edso y que aborda los problemas marinos del mundo. En el acto inaugural tambi\u00e9n ha participado el secretario de Estado de EE UU, John Kerry. El representante estadounidense ha insistido en la necesidad de &#8220;detener la pesca ilegal&#8221; en el planeta. Kerry ha recordado que estas pr\u00e1cticas est\u00e1n asociadas a las drogas, el contrabando y la trata de personas. &#8220;Tenemos que pon\u00e9rselo dif\u00edcil para que no ganen dinero&#8221; con la pesca il\u00edcita, ha apuntado.<\/p>\n<p style=\"text-align: justify;\">Bachelet ha explicado que la creaci\u00f3n de la \u00e1rea protegida ser\u00e1 sometida a una &#8220;consulta&#8221; entre la poblaci\u00f3n ind\u00edgena. La presidenta ha asegurado que el Gobierno mantendr\u00e1 &#8220;la pesca tradicional&#8221; en la isla, de la que viven muchos de sus habitantes.<\/p>\n<p style=\"text-align: justify;\">Tras la intervenci\u00f3n de Bachelet, varios representantes rapanuis y los ministros chilenos de Medio Ambiente y Exteriores han firmado el protocolo de compromiso de protecci\u00f3n de las aguas de la isla. Bachelet tambi\u00e9n ha anunciado la creaci\u00f3n del parque marino Parque Marino Nazca-Desventuradas, junto a las islas San Ambrosio, que ocupar\u00e1 una superficie de 297.000 kil\u00f3metros cuadrados. En total, Chile contar\u00e1 con una superficie protegida de m\u00e1s de un mill\u00f3n de kil\u00f3metros cuadrados, ha recalcado Bachelet.<\/p>\n<p style=\"text-align: justify;\">El parque de la Isla de Pascua ser\u00e1, seg\u00fan los c\u00e1lculos de las ONG Pew y Fundaci\u00f3n Bertarelli, el tercero m\u00e1s grande del mundo. Estas dos organizaciones, que han participado en la gestaci\u00f3n de este proyecto, han indicado que el futuro parque servir\u00e1 para <em>&#8220;proteger la biodiversidad de las aguas que rodean la isla, que albergan 142 especies end\u00e9micas, 27 de las cuales se encuentran amenazadas o en peligro de extinci\u00f3n&#8221;<\/em>. Adem\u00e1s, han insistido en que el parque <em>&#8220;tambi\u00e9n permitir\u00e1 que los rapanui contin\u00faen realizando sus pr\u00e1cticas centenarias de pesca de subsistencia en una zona que se extiende hasta una distancia de 50 millas n\u00e1uticas del litoral&#8221;.<\/em><\/p>\n","protected":false},"excerpt":{"rendered":"<p>Con la informaci\u00f3n de: Elpais.com La Presidenta de Chile, Michelle Bachelet, ha anunciado este lunes el compromiso de crear una de las \u00e1reas marinas protegidas m\u00e1s grandes del planeta. Se trata del futuro parque marino que se har\u00e1 en las aguas de la Isla de Pascua, que pertenece a Chile aunque est\u00e1 ubicada en la [&hellip;]<\/p>\n","protected":false},"author":2,"featured_media":6063,"comment_status":"open","ping_status":"open","sticky":false,"template":"","format":"standard","meta":{"footnotes":""},"categories":[77,63],"tags":[632,960,1647],"class_list":["post-6062","post","type-post","status-publish","format-standard","has-post-thumbnail","hentry","category-internacionales","category-noticias","tag-detener-la-pesca-ilegal","tag-isla-de-pascua","tag-san-ambrosio"],"_links":{"self":[{"href":"http:\/\/www.perupesquero.org\/web\/wp-json\/wp\/v2\/posts\/6062","targetHints":{"allow":["GET"]}}],"collection":[{"href":"http:\/\/www.perupesquero.org\/web\/wp-json\/wp\/v2\/posts"}],"about":[{"href":"http:\/\/www.perupesquero.org\/web\/wp-json\/wp\/v2\/types\/post"}],"author":[{"embeddable":true,"href":"http:\/\/www.perupesquero.org\/web\/wp-json\/wp\/v2\/users\/2"}],"replies":[{"embeddable":true,"href":"http:\/\/www.perupesquero.org\/web\/wp-json\/wp\/v2\/comments?post=6062"}],"version-history":[{"count":0,"href":"http:\/\/www.perupesquero.org\/web\/wp-json\/wp\/v2\/posts\/6062\/revisions"}],"wp:featuredmedia":[{"embeddable":true,"href":"http:\/\/www.perupesquero.org\/web\/wp-json\/wp\/v2\/media\/6063"}],"wp:attachment":[{"href":"http:\/\/www.perupesquero.org\/web\/wp-json\/wp\/v2\/media?parent=6062"}],"wp:term":[{"taxonomy":"category","embeddable":true,"href":"http:\/\/www.perupesquero.org\/web\/wp-json\/wp\/v2\/categories?post=6062"},{"taxonomy":"post_tag","embeddable":true,"href":"http:\/\/www.perupesquero.org\/web\/wp-json\/wp\/v2\/tags?post=6062"}],"curies":[{"name":"wp","href":"https:\/\/api.w.org\/{rel}","templated":true}]}}