{"id":6056,"date":"2015-10-04T23:08:27","date_gmt":"2015-10-05T04:08:27","guid":{"rendered":"http:\/\/www.perupesquero.org\/?p=6056"},"modified":"2015-10-04T23:08:27","modified_gmt":"2015-10-05T04:08:27","slug":"artesanales-de-paita-este-nino-no-tiene-nada-que-ver-con-el-97-y-98","status":"publish","type":"post","link":"http:\/\/www.perupesquero.org\/web\/artesanales-de-paita-este-nino-no-tiene-nada-que-ver-con-el-97-y-98\/","title":{"rendered":"Artesanales de Paita: &#8220;Este Ni\u00f1o no tiene nada que ver con el 97 y 98&#8221;"},"content":{"rendered":"<p style=\"text-align: justify;\">El Secretario General de la Federaci\u00f3n de Pescadores Artesanales de la Regi\u00f3n Grau, Jos\u00e9 Mar\u00eda Porras Yamunaque, dijo que el avistamiento de ballenas azul y blanca en aguas de la playa Yacila, no guarda relaci\u00f3n con el fen\u00f3meno de El Ni\u00f1o, sobre todo si en 1989, qued\u00f3 prohibida la caza de estos cet\u00e1ceos, por lo que a partir de esa \u00e9poca el Mar norte\u00f1o no ha sido ajeno a las visitas de estas especies, adem\u00e1s de Delfines y tortugas.<\/p>\n<p style=\"text-align: justify;\">Porras Yamunaque sostuvo que los avistamientos de ballenas para los pescadores que navegan m\u00e1s all\u00e1 de las 200 millas marinas y que han experimentado durante sus faenas de pesca diferentes fen\u00f3menos naturales, tiene mucha importancia porque consideran a estos cet\u00e1ceos como los mensajeros de la buena pesca.<\/p>\n<p style=\"text-align: justify;\">\u201cQuien podr\u00eda olvidar esas fecha que ocurri\u00f3 El Ni\u00f1o, esos rel\u00e1mpagos parec\u00eda que el cielo se romp\u00eda y el Mar se embraveci\u00f3, trag\u00e1ndose y destruyendo lanchas, nuestras casas quedaron inhabitables, sus techos fueron destruidos por los vientos huracanados, tuvimos que ir hasta la monta\u00f1a a recoger nuestras calaminas, realmente ese Ni\u00f1o del 97 y 98, nos dio muchos problemas por lo que es irresponsable, que especialistas pongan como muestra al pez Correa para sustentar que este fen\u00f3meno ser\u00e1 fuerte, cuando en el norte esa especie es conocida y vista no solo en tiempos de calor. Es claro que detr\u00e1s de estas aseveraciones hay ciertos intereses no de prevenci\u00f3n sino de pescar Anchoveta, as\u00ed que no nos vengan a enga\u00f1ar\u201d, manifest\u00f3 a PERUPESQUERO.<\/p>\n<p style=\"text-align: justify;\">De otro lado, se\u00f1alo que as\u00ed, como esos especialistas sorprenden al Viceministro de Pesquer\u00eda Requejo sugiriendo una pesca exploratoria de Anchoveta para la harina, en la actividad artesanal con el pretexto de El Ni\u00f1o se ha promovido el levantamiento de la veda del Perico, pese que sus tallas de este recurso no est\u00e1n permitidas para su captura.<\/p>\n<p style=\"text-align: justify;\">\u201cUn indicativo que sea un Ni\u00f1o fuerte no es ver un pez Correa o un falso volador, tampoco una Ballena, cuando es un fen\u00f3meno intenso, el Perico que navega m\u00e1s all\u00e1 de las 150 millas \u00a0llega a la orilla, \u00a0nosotros conocemos el Mar y nadie nos va enga\u00f1ar. \u00a0Tenemos recursos en menores cantidades como; Langostino, Langosta y \u00a0jurelillo, ahora si el fen\u00f3meno fuera extremo se hubieran varado de la parte de los pe\u00f1erios el Pulpo, Cherlo, la Morena, la Chavelita, porque son especies m\u00e1s vulnerables y eso no ha sucedido\u201d, preciso.<\/p>\n<p>&nbsp;<\/p>\n","protected":false},"excerpt":{"rendered":"<p>El Secretario General de la Federaci\u00f3n de Pescadores Artesanales de la Regi\u00f3n Grau, Jos\u00e9 Mar\u00eda Porras Yamunaque, dijo que el avistamiento de ballenas azul y blanca en aguas de la playa Yacila, no guarda relaci\u00f3n con el fen\u00f3meno de El Ni\u00f1o, sobre todo si en 1989, qued\u00f3 prohibida la caza de estos cet\u00e1ceos, por lo [&hellip;]<\/p>\n","protected":false},"author":2,"featured_media":6057,"comment_status":"open","ping_status":"open","sticky":false,"template":"","format":"standard","meta":{"footnotes":""},"categories":[77,78,63,67,69,72],"tags":[753],"class_list":["post-6056","post","type-post","status-publish","format-standard","has-post-thumbnail","hentry","category-internacionales","category-nacionales","category-noticias","category-pesqueria","category-politica","category-regionales","tag-este-nino-no-se-igual-a-los-fenomenos-del-97-y-98"],"_links":{"self":[{"href":"http:\/\/www.perupesquero.org\/web\/wp-json\/wp\/v2\/posts\/6056","targetHints":{"allow":["GET"]}}],"collection":[{"href":"http:\/\/www.perupesquero.org\/web\/wp-json\/wp\/v2\/posts"}],"about":[{"href":"http:\/\/www.perupesquero.org\/web\/wp-json\/wp\/v2\/types\/post"}],"author":[{"embeddable":true,"href":"http:\/\/www.perupesquero.org\/web\/wp-json\/wp\/v2\/users\/2"}],"replies":[{"embeddable":true,"href":"http:\/\/www.perupesquero.org\/web\/wp-json\/wp\/v2\/comments?post=6056"}],"version-history":[{"count":0,"href":"http:\/\/www.perupesquero.org\/web\/wp-json\/wp\/v2\/posts\/6056\/revisions"}],"wp:featuredmedia":[{"embeddable":true,"href":"http:\/\/www.perupesquero.org\/web\/wp-json\/wp\/v2\/media\/6057"}],"wp:attachment":[{"href":"http:\/\/www.perupesquero.org\/web\/wp-json\/wp\/v2\/media?parent=6056"}],"wp:term":[{"taxonomy":"category","embeddable":true,"href":"http:\/\/www.perupesquero.org\/web\/wp-json\/wp\/v2\/categories?post=6056"},{"taxonomy":"post_tag","embeddable":true,"href":"http:\/\/www.perupesquero.org\/web\/wp-json\/wp\/v2\/tags?post=6056"}],"curies":[{"name":"wp","href":"https:\/\/api.w.org\/{rel}","templated":true}]}}