{"id":6039,"date":"2015-10-04T18:37:21","date_gmt":"2015-10-04T23:37:21","guid":{"rendered":"http:\/\/www.perupesquero.org\/?p=6039"},"modified":"2015-10-04T18:37:21","modified_gmt":"2015-10-04T23:37:21","slug":"economia-creceria-hasta-3-el-2015-con-segunda-temporada-de-pesca-y-crece-inversion-publica","status":"publish","type":"post","link":"http:\/\/www.perupesquero.org\/web\/economia-creceria-hasta-3-el-2015-con-segunda-temporada-de-pesca-y-crece-inversion-publica\/","title":{"rendered":"Econom\u00eda crecer\u00eda hasta 3% el 2015 con segunda temporada de pesca y crece inversi\u00f3n p\u00fablica"},"content":{"rendered":"<p style=\"text-align: justify;\"><em>Con la informaci\u00f3n de: Gestion.pe<\/em><\/p>\n<p style=\"text-align: justify;\">La econom\u00eda peruana tendr\u00eda un crecimiento entre 2.5% y 3% al cierre del 2015 si durante el cuarto trimestre se establece una segunda temporada de pesca y si la inversi\u00f3n p\u00fablica registra su primera expansi\u00f3n luego de seis trimestres consecutivos de ca\u00edda, inform\u00f3 hoy el Banco de Cr\u00e9dito del Per\u00fa (BCP).<\/p>\n<p style=\"text-align: justify;\">Seg\u00fan el Reporte Trimestral de Estudios Econ\u00f3micos del BCP, el 2016 ser\u00eda el quinto a\u00f1o consecutivo de ca\u00edda de los t\u00e9rminos de intercambio y tercero de contracci\u00f3n de la inversi\u00f3n privada.<\/p>\n<p style=\"text-align: justify;\"><em>\u201cAun as\u00ed, el pr\u00f3ximo a\u00f1o la econom\u00eda crecer\u00eda en torno del 3.2% debido principalmente a la entrada en operaci\u00f3n gradual de Las Bambas (Apur\u00edmac) y la ampliaci\u00f3n de Cerro Verde (Arequipa) que elevar\u00e1n la producci\u00f3n de cobre en 20%, as\u00ed la miner\u00eda met\u00e1lica explicar\u00e1 alrededor de 1.2 puntos de crecimiento, el mayor aporte en casi 15 a\u00f1os\u201d,<\/em> dijo Carlos Prieto, Gerente de Estudios Econ\u00f3micos del BCP.<\/p>\n<p style=\"text-align: justify;\">Agreg\u00f3 que el desempe\u00f1o de la demanda interna ser\u00e1 similar al promedio observado en 2014-2015.<\/p>\n<p style=\"text-align: justify;\">El principal riesgo a la baja en las perspectivas de crecimiento es un Fen\u00f3meno El Ni\u00f1o (FEN) extraordinario con impactos similares a los de 1998.<\/p>\n<p style=\"text-align: justify;\"><strong>Inflaci\u00f3n<\/strong><br \/>\nPara este a\u00f1o, el BCP espera una inflaci\u00f3n en torno del 4% aunque considera que la inflaci\u00f3n se moderar\u00eda el pr\u00f3ximo a\u00f1o, cerrando con una tasa cercana a 3.5%.<\/p>\n<p style=\"text-align: justify;\"><em>\u201cEl ritmo de incremento de los precios se mantendr\u00eda durante la primera mitad del a\u00f1o para luego ceder gradualmente durante el 2S16 en la medida que las anomal\u00edas climatol\u00f3gicas generadas por El Ni\u00f1o se disipen\u201d<\/em>, indic\u00f3.<\/p>\n<p style=\"text-align: justify;\"><strong>Pol\u00edtica monetaria<\/strong><br \/>\nDe otro lado, el \u00c1rea de Estudios Econ\u00f3micos sostiene que en diciembre o enero el Banco Central de Reserva del Per\u00fa (BCRP) subir\u00eda su tasa de referencia en 25 puntos b\u00e1sicos.<\/p>\n<p style=\"text-align: justify;\"><em>\u201cEn un contexto con expectativas de inflaci\u00f3n en el l\u00edmite del rango meta, el BCRP subir\u00eda gradualmente la tasa de referencia desde su nivel actual (3.50%) a 4.00% antes de julio del 2016. Sin embargo, de continuar desalineadas las expectativas de inflaci\u00f3n la tasa de pol\u00edtica monetaria ser\u00eda elevada a 4.25%\u201d,<\/em> a\u00f1adi\u00f3.<\/p>\n<p style=\"text-align: justify;\"><strong>Cuentas fiscales<\/strong><br \/>\nEl BCP mantiene su proyecci\u00f3n de un d\u00e9ficit fiscal en torno del 2% a fines de este a\u00f1o. As\u00ed, el d\u00e9ficit registrar\u00eda un deterioro de 1.7 puntos porcentuales respecto del a\u00f1o previo, de los cuales 0.7 puntos ser\u00edan explicados por la reducci\u00f3n de impuestos decretadas a fines del a\u00f1o pasado.<\/p>\n<p style=\"text-align: justify;\"><em>\u201cPara 2016, estimamos un d\u00e9ficit fiscal en torno del 2.5% del PBI donde el cambio de Gobierno Nacional puede llevar a una subejecuci\u00f3n de gasto en la \u00faltima parte del a\u00f1o\u201d<\/em>, indica el informe.<\/p>\n<p style=\"text-align: justify;\"><strong>Tipo de cambio<\/strong><br \/>\nEl \u00c1rea de Estudios Econ\u00f3micos del BCP mantiene su proyecci\u00f3n de tipo de cambio para fines de este a\u00f1o entre S\/.3.25 y S\/.3.30, mientras que en 2016 el tipo de cambio cerrar\u00eda entre S\/.3.40 y S\/.3.45 registr\u00e1ndose una depreciaci\u00f3n menor a la observada en los tres a\u00f1os previos (2013-2015).<\/p>\n<p style=\"text-align: justify;\">Las presiones depreciatorias se reducir\u00e1n gradualmente debido a factores como un menor ritmo de conversi\u00f3n de dep\u00f3sitos, y otros stocks, de soles a d\u00f3lares por parte de los agentes; a lo que se suma que en el 2016 se espera un d\u00e9ficit en cuenta corriente similar al de 2015.<\/p>\n<p style=\"text-align: justify;\">Otros factores ser\u00e1n que el precio del cobre promediar\u00eda el pr\u00f3ximo a\u00f1o niveles similares a su cotizaci\u00f3n actual; y el diferencial de tasas a favor ya que el BCRP mostrar\u00eda un ritmo de subidas m\u00e1s veloz que la Fed.<\/p>\n<p style=\"text-align: justify;\"><em>\u201cAun as\u00ed, la tendencia del tipo de cambio el pr\u00f3ximo a\u00f1o seguir\u00e1 siendo al alza debido a (i) aunque la evidencia emp\u00edrica sugiere que podr\u00edan registrarse episodios temporales de debilitamiento del d\u00f3lar luego de la subida de tasas de la Fed, al cierre de 2016 esperamos que la divisa norteamericana se encuentre fortalecida en el mercado internacional; (ii) la salida de capitales de pa\u00edses emergentes; y (iii) un tipo de cambio real multilateral a\u00fan apreciado\u201d<\/em>, dijo.<\/p>\n","protected":false},"excerpt":{"rendered":"<p>Con la informaci\u00f3n de: Gestion.pe La econom\u00eda peruana tendr\u00eda un crecimiento entre 2.5% y 3% al cierre del 2015 si durante el cuarto trimestre se establece una segunda temporada de pesca y si la inversi\u00f3n p\u00fablica registra su primera expansi\u00f3n luego de seis trimestres consecutivos de ca\u00edda, inform\u00f3 hoy el Banco de Cr\u00e9dito del Per\u00fa [&hellip;]<\/p>\n","protected":false},"author":2,"featured_media":6040,"comment_status":"open","ping_status":"open","sticky":false,"template":"","format":"standard","meta":{"footnotes":""},"categories":[78,63,72],"tags":[799,1678],"class_list":["post-6039","post","type-post","status-publish","format-standard","has-post-thumbnail","hentry","category-nacionales","category-noticias","category-regionales","tag-fen","tag-segunda-temporada-de-pesca"],"_links":{"self":[{"href":"http:\/\/www.perupesquero.org\/web\/wp-json\/wp\/v2\/posts\/6039","targetHints":{"allow":["GET"]}}],"collection":[{"href":"http:\/\/www.perupesquero.org\/web\/wp-json\/wp\/v2\/posts"}],"about":[{"href":"http:\/\/www.perupesquero.org\/web\/wp-json\/wp\/v2\/types\/post"}],"author":[{"embeddable":true,"href":"http:\/\/www.perupesquero.org\/web\/wp-json\/wp\/v2\/users\/2"}],"replies":[{"embeddable":true,"href":"http:\/\/www.perupesquero.org\/web\/wp-json\/wp\/v2\/comments?post=6039"}],"version-history":[{"count":0,"href":"http:\/\/www.perupesquero.org\/web\/wp-json\/wp\/v2\/posts\/6039\/revisions"}],"wp:featuredmedia":[{"embeddable":true,"href":"http:\/\/www.perupesquero.org\/web\/wp-json\/wp\/v2\/media\/6040"}],"wp:attachment":[{"href":"http:\/\/www.perupesquero.org\/web\/wp-json\/wp\/v2\/media?parent=6039"}],"wp:term":[{"taxonomy":"category","embeddable":true,"href":"http:\/\/www.perupesquero.org\/web\/wp-json\/wp\/v2\/categories?post=6039"},{"taxonomy":"post_tag","embeddable":true,"href":"http:\/\/www.perupesquero.org\/web\/wp-json\/wp\/v2\/tags?post=6039"}],"curies":[{"name":"wp","href":"https:\/\/api.w.org\/{rel}","templated":true}]}}