{"id":6024,"date":"2015-10-02T11:28:27","date_gmt":"2015-10-02T16:28:27","guid":{"rendered":"http:\/\/www.perupesquero.org\/?p=6024"},"modified":"2015-10-02T11:28:27","modified_gmt":"2015-10-02T16:28:27","slug":"comisario-de-pesca-europeo-visitara-galicia-para-asistir-a-la-cumbre-de-la-fao","status":"publish","type":"post","link":"http:\/\/www.perupesquero.org\/web\/comisario-de-pesca-europeo-visitara-galicia-para-asistir-a-la-cumbre-de-la-fao\/","title":{"rendered":"Comisario de Pesca europeo visitar\u00e1 Galicia para asistir a la cumbre de la FAO"},"content":{"rendered":"<p style=\"text-align: justify;\">El Comisario europeo de Pesca, Medio Ambiente y Asuntos Mar\u00edtimos de la Uni\u00f3n Europea, Karmenu Vella, visitar\u00e1 por primera vez Galicia. El malt\u00e9s estar\u00e1 en Vigo la pr\u00f3xima semana con motivo de la celebraci\u00f3n del congreso de Conxemar y la Organizaci\u00f3n de las Naciones Unidas para la Alimentaci\u00f3n y la Agricultura (FAO, en sus siglas en ingl\u00e9s) que tendr\u00e1 lugar despu\u00e9s de la feria durante los d\u00edas 8 y 9 de octubre. Para la ocasi\u00f3n, el comisario realizar\u00e1 una ponencia despu\u00e9s de la inauguraci\u00f3n que se centrar\u00e1 en la &#8220;pesca responsable&#8221;.<\/p>\n<p style=\"text-align: justify;\">Mientras, el portavoz de pesca del BNG, Daniel Rodas, expres\u00f3 ayer la necesidad de una reuni\u00f3n del comisario con el Consello Galego de Pesca para poder trasladarle la realidad de los problemas del sector del Mar por la aplicaci\u00f3n de la Pol\u00edtica Pesquera Com\u00fan . Rodas exigi\u00f3 a la Xunta que &#8220;se ponga y le ponga deberes al se\u00f1or Karmenu Vella&#8221; y que su visita no sea solo &#8220;tur\u00edstica y gastron\u00f3mica&#8221;.<\/p>\n<p>&nbsp;<\/p>\n","protected":false},"excerpt":{"rendered":"<p>El Comisario europeo de Pesca, Medio Ambiente y Asuntos Mar\u00edtimos de la Uni\u00f3n Europea, Karmenu Vella, visitar\u00e1 por primera vez Galicia. El malt\u00e9s estar\u00e1 en Vigo la pr\u00f3xima semana con motivo de la celebraci\u00f3n del congreso de Conxemar y la Organizaci\u00f3n de las Naciones Unidas para la Alimentaci\u00f3n y la Agricultura (FAO, en sus siglas [&hellip;]<\/p>\n","protected":false},"author":2,"featured_media":6025,"comment_status":"open","ping_status":"open","sticky":false,"template":"","format":"standard","meta":{"footnotes":""},"categories":[77,78,63,67,69,72],"tags":[],"class_list":["post-6024","post","type-post","status-publish","format-standard","has-post-thumbnail","hentry","category-internacionales","category-nacionales","category-noticias","category-pesqueria","category-politica","category-regionales"],"_links":{"self":[{"href":"http:\/\/www.perupesquero.org\/web\/wp-json\/wp\/v2\/posts\/6024","targetHints":{"allow":["GET"]}}],"collection":[{"href":"http:\/\/www.perupesquero.org\/web\/wp-json\/wp\/v2\/posts"}],"about":[{"href":"http:\/\/www.perupesquero.org\/web\/wp-json\/wp\/v2\/types\/post"}],"author":[{"embeddable":true,"href":"http:\/\/www.perupesquero.org\/web\/wp-json\/wp\/v2\/users\/2"}],"replies":[{"embeddable":true,"href":"http:\/\/www.perupesquero.org\/web\/wp-json\/wp\/v2\/comments?post=6024"}],"version-history":[{"count":0,"href":"http:\/\/www.perupesquero.org\/web\/wp-json\/wp\/v2\/posts\/6024\/revisions"}],"wp:featuredmedia":[{"embeddable":true,"href":"http:\/\/www.perupesquero.org\/web\/wp-json\/wp\/v2\/media\/6025"}],"wp:attachment":[{"href":"http:\/\/www.perupesquero.org\/web\/wp-json\/wp\/v2\/media?parent=6024"}],"wp:term":[{"taxonomy":"category","embeddable":true,"href":"http:\/\/www.perupesquero.org\/web\/wp-json\/wp\/v2\/categories?post=6024"},{"taxonomy":"post_tag","embeddable":true,"href":"http:\/\/www.perupesquero.org\/web\/wp-json\/wp\/v2\/tags?post=6024"}],"curies":[{"name":"wp","href":"https:\/\/api.w.org\/{rel}","templated":true}]}}