{"id":6005,"date":"2015-09-30T22:14:31","date_gmt":"2015-10-01T03:14:31","guid":{"rendered":"http:\/\/www.perupesquero.org\/?p=6005"},"modified":"2015-09-30T22:14:31","modified_gmt":"2015-10-01T03:14:31","slug":"piura-el-nino-deja-45-muertos-y-mil-personas-damnificadas","status":"publish","type":"post","link":"http:\/\/www.perupesquero.org\/web\/piura-el-nino-deja-45-muertos-y-mil-personas-damnificadas\/","title":{"rendered":"PIURA &#8211; &#8216;El Ni\u00f1o&#8217; deja 45 muertos y mil personas damnificadas"},"content":{"rendered":"<p style=\"text-align: justify;\"><em>Con la informaci\u00f3n de: Diariocorreo.pe<\/em><\/p>\n<p style=\"text-align: justify;\">Unos mil pobladores damnificados, 45 personas fallecidas, 50 mil hect\u00e1reas de terrenos de cultivo da\u00f1adas y 15 puentes colapsados, es el saldo que dej\u00f3 la ocurrencia de un Fen\u00f3meno El Ni\u00f1o (FEN) extraordinario en Piura.<\/p>\n<p style=\"text-align: justify;\">Y sobre esa hip\u00f3tesis, el comando operacional a cargo de la toma de decisiones ante posibles desastres, trabaj\u00f3 durante el segundo ejercicio de prevenci\u00f3n por el FEN en el Centro de Operaciones de Emergencia Regional (COER).<\/p>\n<p style=\"text-align: justify;\">El ejercicio estuvo encabezado por los representantes del Instituto Nacional de Defensa Civil (Indeci) y de la Oficina Regional de Seguridad y Defensa Nacional (Orsydn) del gobierno regional, participando activamente las fuerzas armadas, la Polic\u00eda Nacional, los directores regionales de los diferentes sectores, as\u00ed como la Defensor\u00eda del pueblo y la Gobernaci\u00f3n.<\/p>\n<p style=\"text-align: justify;\"><strong>INUNDACIONES.<\/strong> El Titular de la Orsydn Eduardo Arbul\u00fa Gonz\u00e1les, inform\u00f3 que el ejercicio de simulaci\u00f3n se realiz\u00f3 en base a un Ni\u00f1o Extraordinario, con consecuencias de desbordamiento de r\u00edos y quebradas e inundaciones con lluvias de 80 mil\u00edmetros que incrementaron el caudal de los r\u00edos.<\/p>\n<p style=\"text-align: justify;\">Las fuertes lluvias dejaron miles de casas afectadas, zonas inundadas, personas damnificadas, tierra de cultivo da\u00f1adas, agrietamiento de terrenos de cultivo entre otros, en donde participaron en forma activa los titulares de Agricultura y de Vivienda.<\/p>\n<p style=\"text-align: justify;\"><em>\u201cEl ejercicio ha estado bien planteado, bien trabajado con la participaci\u00f3n muy activa de los directores regionales, de las autoridades de la plataforma de defensa civil regional y los miembros del grupo de trabajo de gesti\u00f3n de riesgo de desastres\u201d,<\/em> anot\u00f3 Arbul\u00fa.<\/p>\n<p style=\"text-align: justify;\">Agreg\u00f3 que se plantearon muchas inquietudes, <em>\u201cse ha tratado de absolver las preguntas, Indeci ha venido monitoreando el trabajo que ha sido muy articulado, de mucho compromiso y proactivo\u201d.<\/em><\/p>\n<p style=\"text-align: justify;\"><strong>RIESGO.<\/strong> De otro lado, el Jefe de la oficina de planeamiento del gobierno regional, Wilfredo Rodr\u00edguez, alert\u00f3 que las 50 familias que salieron de las inmediaciones de los drenes Jap\u00f3n y Turqu\u00eda, han vuelto a ocupar la zona quedando nuevamente en una situaci\u00f3n de riesgo.<\/p>\n<p style=\"text-align: justify;\"><em>\u201cLo que les estamos diciendo es que deber\u00edan dejar el \u00e1rea libre, porque, vamos a suponer que en un caso extremo colapse el dren y nosotros tenemos que ingresar con maquinaria para devolverle la fluidez al caudal del dren, no vamos a poder, entonces, ellos van a ser los primeros afectados\u201d<\/em>, se\u00f1al\u00f3 Wilfredo Rodr\u00edguez.<\/p>\n<p style=\"text-align: justify;\">Por ello hizo un llamado a la poblaci\u00f3n para que prioricen el bienestar de sus familias porque m\u00e1s all\u00e1 de la necesidad de tener una vivienda, est\u00e1 el derecho a la vida y la protecci\u00f3n a la familia.<\/p>\n<p style=\"text-align: justify;\">Tambi\u00e9n a la municipalidad que es la responsable directa la que debe atender estos casos, porque la ley org\u00e1nica de municipalidades dice que deben reubicar a las familias que est\u00e1n en zonas de desastre o de peligro inminente.<\/p>\n<p style=\"text-align: justify;\"><strong>PELIGRO.<\/strong> Agreg\u00f3 que otro caso m\u00e1s cr\u00edtico es el que ocurre en la desembocadura de la quebrada El Gallo, en donde unas 400 familias que est\u00e1n en el banco del dren, podr\u00edan no solo sus viviendas sino arriesgar su integridad f\u00edsica y la de los suyos.<\/p>\n<p style=\"text-align: justify;\">Inform\u00f3 que el Ministerio de Vivienda ya aprob\u00f3 la primera etapa de la quebrada El Gallo<em>, \u201cy en la primera etapa s\u00ed vamos a tener problemas muy serios, y aqu\u00ed tendr\u00eda que entrar muy de lleno la municipalidad de Castilla, y entiendo que hasta la Fiscal\u00eda de Prevenci\u00f3n del Delito porque esas familias est\u00e1n dentro de la cuenca del dren\u201d.<\/em><\/p>\n<p style=\"text-align: justify;\">Agreg\u00f3 que oficialmente no se sabe por donde va la cuenca <em>\u201cpero por el cauce natural sabemos donde debe ir, y por donde debe ir es en donde est\u00e1n las casas. Hay que tomar un criterio muy afinado\u201d.<\/em><\/p>\n<p style=\"text-align: justify;\">Como se sabe, los pobladores plantearon al gobierno regional una derivaci\u00f3n del cauce para buscar la cota que derive las aguas al dren 1308, pero tiene que autorizarlo la municipalidad de Castilla.<\/p>\n<p style=\"text-align: justify;\"><em>\u201cEn este caso, el gobierno regional es un ente de apoyo porque si nosotros lo ejecutamos y hay desgracias, all\u00ed entonces vamos a hacer un da\u00f1o mayor\u201d,<\/em> remarc\u00f3.<\/p>\n<p style=\"text-align: justify;\"><strong>PREPARACI\u00d3N.<\/strong> Mientras tanto, doscientos cincuenta efectivos de la Polic\u00eda Nacional y del Ej\u00e9rcito Peruano ponen a punto sus capacidades en el \u201cCurso de Formaci\u00f3n a Brigadistas de Defensa Civil\u201d, para desplegarlas durante las emergencias por las lluvias intensas que podr\u00edan ocurrir en un posible fen\u00f3meno de El Ni\u00f1o.<\/p>\n<p style=\"text-align: justify;\">El evento organizado por la Orsydn del Gobierno regional en coordinaci\u00f3n con el COER, se viene realizando desde hace tres semanas las que se complementan con exposiciones, pr\u00e1cticas y trabajo de campo, de tal modo que los participantes est\u00e9n en condiciones de integrarse luego al grupo de brigadistas que desde el a\u00f1o pasado viene formando la Orsydn.<\/p>\n<p style=\"text-align: justify;\">Las jornadas de capacitaci\u00f3n incluyen una compleja tem\u00e1tica y entrenamiento en primeros auxilios, mitigaci\u00f3n de incendios, t\u00e9cnicas de rescate, rescate en estructuras colapsadas y respuesta a emergencias causadas por qu\u00edmicos, la cual es abordada por profesionales del Centro de Operaciones de Emergencia Regional, as\u00ed como de las instituciones vinculadas al tema de la gesti\u00f3n de riesgos. El curso se desarrolla en las instalaciones del cuartel Incl\u00e1n.<\/p>\n<p style=\"text-align: justify;\">Fuentes de la Orsydn se\u00f1alaron que el curso cuenta con el apoyo del gobernador Regional, quien clausurar\u00e1 la primera semana de octubre este evento, en el que por primera vez participan de modo conjunto personal de la Polic\u00eda y el Ej\u00e9rcito, tanto oficiales como subalternos.<\/p>\n<p style=\"text-align: justify;\">Como se sabe, el Indeci realiz\u00f3 tambi\u00e9n un curso de rescate en donde participaron efectivos de las tres fuerzas armadas, de la Polic\u00eda Nacional as\u00ed como de los bomberos.<\/p>\n","protected":false},"excerpt":{"rendered":"<p>Con la informaci\u00f3n de: Diariocorreo.pe Unos mil pobladores damnificados, 45 personas fallecidas, 50 mil hect\u00e1reas de terrenos de cultivo da\u00f1adas y 15 puentes colapsados, es el saldo que dej\u00f3 la ocurrencia de un Fen\u00f3meno El Ni\u00f1o (FEN) extraordinario en Piura. Y sobre esa hip\u00f3tesis, el comando operacional a cargo de la toma de decisiones ante [&hellip;]<\/p>\n","protected":false},"author":2,"featured_media":6009,"comment_status":"open","ping_status":"open","sticky":false,"template":"","format":"standard","meta":{"footnotes":""},"categories":[78,63,67,72],"tags":[689],"class_list":["post-6005","post","type-post","status-publish","format-standard","has-post-thumbnail","hentry","category-nacionales","category-noticias","category-pesqueria","category-regionales","tag-el-nino"],"_links":{"self":[{"href":"http:\/\/www.perupesquero.org\/web\/wp-json\/wp\/v2\/posts\/6005","targetHints":{"allow":["GET"]}}],"collection":[{"href":"http:\/\/www.perupesquero.org\/web\/wp-json\/wp\/v2\/posts"}],"about":[{"href":"http:\/\/www.perupesquero.org\/web\/wp-json\/wp\/v2\/types\/post"}],"author":[{"embeddable":true,"href":"http:\/\/www.perupesquero.org\/web\/wp-json\/wp\/v2\/users\/2"}],"replies":[{"embeddable":true,"href":"http:\/\/www.perupesquero.org\/web\/wp-json\/wp\/v2\/comments?post=6005"}],"version-history":[{"count":0,"href":"http:\/\/www.perupesquero.org\/web\/wp-json\/wp\/v2\/posts\/6005\/revisions"}],"wp:featuredmedia":[{"embeddable":true,"href":"http:\/\/www.perupesquero.org\/web\/wp-json\/wp\/v2\/media\/6009"}],"wp:attachment":[{"href":"http:\/\/www.perupesquero.org\/web\/wp-json\/wp\/v2\/media?parent=6005"}],"wp:term":[{"taxonomy":"category","embeddable":true,"href":"http:\/\/www.perupesquero.org\/web\/wp-json\/wp\/v2\/categories?post=6005"},{"taxonomy":"post_tag","embeddable":true,"href":"http:\/\/www.perupesquero.org\/web\/wp-json\/wp\/v2\/tags?post=6005"}],"curies":[{"name":"wp","href":"https:\/\/api.w.org\/{rel}","templated":true}]}}