{"id":5822,"date":"2015-09-14T09:05:50","date_gmt":"2015-09-14T14:05:50","guid":{"rendered":"http:\/\/www.perupesquero.org\/?p=5822"},"modified":"2015-09-14T09:05:50","modified_gmt":"2015-09-14T14:05:50","slug":"espana-expertos-de-24-paises-abordaran-en-canarias-la-lucha-contra-la-pesca-ilegal","status":"publish","type":"post","link":"http:\/\/www.perupesquero.org\/web\/espana-expertos-de-24-paises-abordaran-en-canarias-la-lucha-contra-la-pesca-ilegal\/","title":{"rendered":"ESPA\u00d1A &#8211; Expertos de 24 pa\u00edses abordar\u00e1n en Canarias la lucha contra la pesca ilegal"},"content":{"rendered":"<p style=\"text-align: justify;\"><em>Con la informaci\u00f3n de: Eleconomista.es<\/em><\/p>\n<p style=\"text-align: justify;\">M\u00e1s de 200 expertos en materia de pesca, procedentes de 24 pa\u00edses, abordar\u00e1n esta semana, en una conferencia internacional en Las Palmas de Gran Canaria, la lucha contra la pesca ilegal, la sobreexplotaci\u00f3n y el aumento de los beneficios sociales y econ\u00f3micos en aguas no comunitarias.<\/p>\n<p style=\"text-align: justify;\">El mayor n\u00famero de participantes (pescadores, ONG y responsables pol\u00edticos) proceder\u00e1 de Espa\u00f1a, Mauritania, Reino Unido y B\u00e9lgica, se informa en un comunicado, en el que se precisa que la conferencia ha sido organizada por el Consejo Consultivo de la UE de de Larga Distancia (LDAC), el Gobierno de Canarias, la Autoridad Portuaria de Las Palmas y Casa \u00c1frica.<\/p>\n<p style=\"text-align: justify;\">La conferencia, que se celebrar\u00e1 del mi\u00e9rcoles 16 al jueves 17, cuenta tambi\u00e9n con el apoyo de la Federaci\u00f3n Canaria de Empresas Portuarias y otras entidades privadas.<\/p>\n<p style=\"text-align: justify;\">Seg\u00fan la nota, m\u00e1s del 25 % de las especies capturadas por los buques de la UE se obtienen fuera de las aguas comunitarias, lo que implica que las actividades pesqueras &#8220;externas&#8221; suponen una fuente de abastecimiento y suministro importante al mercado europeo.<\/p>\n<p style=\"text-align: justify;\">La UE es el mayor mercado mundial de productos pesqueros por lo que &#8220;tiene una responsabilidad agravada a la hora de promover la buena gobernanza y la explotaci\u00f3n responsable de las aguas de los pa\u00edses terceros&#8221;, indica la nota.<\/p>\n<p style=\"text-align: justify;\">Auspiciada por el Consejo Consultivo de Flotas de Larga Distancia (LDAC), y con la asistencia de representantes de la industria, la pol\u00edtica y las ONG, con esta conferencia se persigue generar ideas para la implementaci\u00f3n pr\u00e1ctica de la dimensi\u00f3n externa, elemento clave para la aplicaci\u00f3n extraterritorial de la Pol\u00edtica Pesquera Com\u00fan, se\u00f1ala la nota.<\/p>\n<p style=\"text-align: justify;\">En ella se precisa tambi\u00e9n que la labor de la UE a la hora de mejorar la sostenibilidad ambiental, econ\u00f3mica y social de la pesca no comunitaria, haciendo especial hincapi\u00e9 sobre \u00c1frica, cobrar\u00e1 protagonismo en la conferencia internacional, que se celebra bajo el lema &#8220;Pol\u00edtica Pesquera Comunitaria: La Dimensi\u00f3n Externa como Motor de Cambio&#8221;.<\/p>\n<p style=\"text-align: justify;\">La &#8220;dimensi\u00f3n externa&#8221; forma parte de la Pol\u00edtica Pesquera Com\u00fan y engloba las capturas realizadas al amparo de acuerdos pesqueros con pa\u00edses terceros, y aquellas realizadas en alta mar bajo jurisdicci\u00f3n de las &#8220;organizaciones regionales de gesti\u00f3n pesquera&#8221; (ORGPs).<\/p>\n<p style=\"text-align: justify;\">Est\u00e1 previsto que el Comisario de Pesca, Karmenu Vella, participe en el congreso a trav\u00e9s de un mensaje por v\u00eddeo, a\u00f1ade la nota, que informa de que la conferencia se podr\u00e1 seguir a trav\u00e9s del enlace http:\/\/bambuser.com\/node\/4713838.<\/p>\n","protected":false},"excerpt":{"rendered":"<p>Con la informaci\u00f3n de: Eleconomista.es M\u00e1s de 200 expertos en materia de pesca, procedentes de 24 pa\u00edses, abordar\u00e1n esta semana, en una conferencia internacional en Las Palmas de Gran Canaria, la lucha contra la pesca ilegal, la sobreexplotaci\u00f3n y el aumento de los beneficios sociales y econ\u00f3micos en aguas no comunitarias. El mayor n\u00famero de [&hellip;]<\/p>\n","protected":false},"author":2,"featured_media":5823,"comment_status":"open","ping_status":"open","sticky":false,"template":"","format":"standard","meta":{"footnotes":""},"categories":[77,63],"tags":[903,1279,1374],"class_list":["post-5822","post","type-post","status-publish","format-standard","has-post-thumbnail","hentry","category-internacionales","category-noticias","tag-idac","tag-ong","tag-pesca-ilegal"],"_links":{"self":[{"href":"http:\/\/www.perupesquero.org\/web\/wp-json\/wp\/v2\/posts\/5822","targetHints":{"allow":["GET"]}}],"collection":[{"href":"http:\/\/www.perupesquero.org\/web\/wp-json\/wp\/v2\/posts"}],"about":[{"href":"http:\/\/www.perupesquero.org\/web\/wp-json\/wp\/v2\/types\/post"}],"author":[{"embeddable":true,"href":"http:\/\/www.perupesquero.org\/web\/wp-json\/wp\/v2\/users\/2"}],"replies":[{"embeddable":true,"href":"http:\/\/www.perupesquero.org\/web\/wp-json\/wp\/v2\/comments?post=5822"}],"version-history":[{"count":0,"href":"http:\/\/www.perupesquero.org\/web\/wp-json\/wp\/v2\/posts\/5822\/revisions"}],"wp:featuredmedia":[{"embeddable":true,"href":"http:\/\/www.perupesquero.org\/web\/wp-json\/wp\/v2\/media\/5823"}],"wp:attachment":[{"href":"http:\/\/www.perupesquero.org\/web\/wp-json\/wp\/v2\/media?parent=5822"}],"wp:term":[{"taxonomy":"category","embeddable":true,"href":"http:\/\/www.perupesquero.org\/web\/wp-json\/wp\/v2\/categories?post=5822"},{"taxonomy":"post_tag","embeddable":true,"href":"http:\/\/www.perupesquero.org\/web\/wp-json\/wp\/v2\/tags?post=5822"}],"curies":[{"name":"wp","href":"https:\/\/api.w.org\/{rel}","templated":true}]}}