{"id":5586,"date":"2015-08-26T13:45:50","date_gmt":"2015-08-26T18:45:50","guid":{"rendered":"http:\/\/www.perupesquero.org\/?p=5586"},"modified":"2015-08-26T13:45:50","modified_gmt":"2015-08-26T18:45:50","slug":"cuba-aleluya-llego-el-pescado","status":"publish","type":"post","link":"http:\/\/www.perupesquero.org\/web\/cuba-aleluya-llego-el-pescado\/","title":{"rendered":"CUBA &#8211; \u00a1Aleluya, lleg\u00f3 el pescado!"},"content":{"rendered":"<p style=\"text-align: justify;\">Luego de 8 largos meses de ausencia de la canasta b\u00e1sica, los cubanos reciben con j\u00fabilo el env\u00edo de pescado normado por la libreta de racionamiento. Desde el mes de diciembre de 2014 el gobierno cubano dej\u00f3 de enviar la cuota de pescado normado que recib\u00eda la poblaci\u00f3n, como parte de los escasos productos que a\u00fan percibe por la canasta b\u00e1sica.<\/p>\n<p style=\"text-align: justify;\">En el Reparto Santa Amalia, municipio Arroyo Naranjo, La Habana, los vecinos recibieron el producto marino como un verdadero acontecimiento.<\/p>\n<p style=\"text-align: justify;\">Rosa Antonia Ajete V\u00e1zquez, de 64 a\u00f1os, comenta que <em>\u201ccuando me dijeron que hab\u00eda llegado el pescado de poblaci\u00f3n yo no pod\u00eda creerlo. Parece que como el Papa nos visitar\u00e1 pronto ya se est\u00e1n viendo algunos milagros\u201d.<\/em><\/p>\n<p style=\"text-align: justify;\">La se\u00f1ora Ajete V\u00e1zquez nos explica que \u201c<em>esta es la \u00fanica ocasi\u00f3n en que yo me puedo permitir el lujo de comer un pedacito de pescado, porque el pescado liberado es muy caro, y con mi pensi\u00f3n de 200 pesos apenas me alcanza para las medicinas y los mandados del mes\u201d.<\/em><\/p>\n<p style=\"text-align: justify;\">Por su parte, Daimara Rosales (la flaca), de 42 a\u00f1os, reconoce que \u201c<em>me dieron ganas de llorar. T\u00fa sabes lo que es que hayamos tenido que esperar casi 9 meses para que nos mandaran una libra de pescado por persona, \u00a1y nada menos que Chicharro!, un pescado que uno se lo come porque no le queda m\u00e1s remedio\u201d<\/em>.<\/p>\n<p style=\"text-align: justify;\">Andr\u00e9s Barroso, un jubilado de 73 a\u00f1os aficionado a la pesca, se mostr\u00f3 muy molesto mientras afirmaba:<em> \u201cMira, mijito, el Chicharro \u2013de toda la vida- los pescadores lo han usado para carnada. Esa mierda no se la come nadie\u2026..bueno, nosotros los ciudadanos de cuarta, s\u00ed; f\u00edjate que hasta yo hice mi colita para coger lo que me tocaba, porque ya los achaques y mi mala salud no me permiten salir a pescar\u201d.<\/em><\/p>\n<p style=\"text-align: justify;\">En muchos barrios de La Habana, el tema de la llegada del pescado de poblaci\u00f3n a las carnicer\u00edas normadas ha desplazado \u2013temporalmente- el acontecimiento del acceso a internet a trav\u00e9s del servicio de Wi-Fi.<\/p>\n<p style=\"text-align: justify;\">Caridad Allegue Pi\u00f1eiro, una anciana de 79 a\u00f1os, nos mostr\u00f3 entusiasmada su cuota de pescado, mientras dec\u00eda: <em>\u201cT\u00edrale una foto, periodista; t\u00edrale una foto, que ahora no sabemos cu\u00e1ndo lo volveremos a ver. A lo mejor este es el \u00faltimo que yo me como, porque con la edad que yo tengo lo m\u00e1s probable es que me muera antes de que llegue el pr\u00f3ximo env\u00edo\u201d.<\/em><\/p>\n<p style=\"text-align: justify;\"><strong>FUENTE:<\/strong> Cubanet.org<\/p>\n","protected":false},"excerpt":{"rendered":"<p>Luego de 8 largos meses de ausencia de la canasta b\u00e1sica, los cubanos reciben con j\u00fabilo el env\u00edo de pescado normado por la libreta de racionamiento. Desde el mes de diciembre de 2014 el gobierno cubano dej\u00f3 de enviar la cuota de pescado normado que recib\u00eda la poblaci\u00f3n, como parte de los escasos productos que [&hellip;]<\/p>\n","protected":false},"author":2,"featured_media":5587,"comment_status":"open","ping_status":"open","sticky":false,"template":"","format":"standard","meta":{"footnotes":""},"categories":[77,63],"tags":[580,1383,1387],"class_list":["post-5586","post","type-post","status-publish","format-standard","has-post-thumbnail","hentry","category-internacionales","category-noticias","tag-cuba","tag-pescado","tag-pescado-en-cuba"],"_links":{"self":[{"href":"http:\/\/www.perupesquero.org\/web\/wp-json\/wp\/v2\/posts\/5586","targetHints":{"allow":["GET"]}}],"collection":[{"href":"http:\/\/www.perupesquero.org\/web\/wp-json\/wp\/v2\/posts"}],"about":[{"href":"http:\/\/www.perupesquero.org\/web\/wp-json\/wp\/v2\/types\/post"}],"author":[{"embeddable":true,"href":"http:\/\/www.perupesquero.org\/web\/wp-json\/wp\/v2\/users\/2"}],"replies":[{"embeddable":true,"href":"http:\/\/www.perupesquero.org\/web\/wp-json\/wp\/v2\/comments?post=5586"}],"version-history":[{"count":0,"href":"http:\/\/www.perupesquero.org\/web\/wp-json\/wp\/v2\/posts\/5586\/revisions"}],"wp:featuredmedia":[{"embeddable":true,"href":"http:\/\/www.perupesquero.org\/web\/wp-json\/wp\/v2\/media\/5587"}],"wp:attachment":[{"href":"http:\/\/www.perupesquero.org\/web\/wp-json\/wp\/v2\/media?parent=5586"}],"wp:term":[{"taxonomy":"category","embeddable":true,"href":"http:\/\/www.perupesquero.org\/web\/wp-json\/wp\/v2\/categories?post=5586"},{"taxonomy":"post_tag","embeddable":true,"href":"http:\/\/www.perupesquero.org\/web\/wp-json\/wp\/v2\/tags?post=5586"}],"curies":[{"name":"wp","href":"https:\/\/api.w.org\/{rel}","templated":true}]}}