{"id":5579,"date":"2015-08-26T12:23:39","date_gmt":"2015-08-26T17:23:39","guid":{"rendered":"http:\/\/www.perupesquero.org\/?p=5579"},"modified":"2015-08-26T12:23:39","modified_gmt":"2015-08-26T17:23:39","slug":"piura-gobierno-regional-analiza-situacion-de-pescadores-artesanales-de-paita","status":"publish","type":"post","link":"http:\/\/www.perupesquero.org\/web\/piura-gobierno-regional-analiza-situacion-de-pescadores-artesanales-de-paita\/","title":{"rendered":"PIURA &#8211; Gobierno regional analiza situaci\u00f3n de pescadores artesanales de Paita"},"content":{"rendered":"<p style=\"text-align: justify;\">Ante la dif\u00edcil situaci\u00f3n que atraviesan los pescadores artesanales de la Provincia de Paita, el Gobernador regional, Reynaldo Hilbck, se reuni\u00f3 con la Nueva Junta Directiva 2015 &#8211; 2017 Asociaci\u00f3n Mutualista de Pescadores Artesanales de Puerto Nuevo \u2013 Paita, para analizar las desventajas del decreto 005 y 014.<\/p>\n<p style=\"text-align: justify;\"><em>\u201cLa situaci\u00f3n de la pesca es cr\u00edtica, no s\u00f3lo por la llegada del Fen\u00f3meno de El Ni\u00f1o, que viene afectando la producci\u00f3n, sino por la paralizaci\u00f3n de aproximadamente 5 mil embarcaciones de la Provincia de Paita, esto es grave, y el Gobierno Central tiene que tomar medidas adecuadas para dar soluci\u00f3n a esta problem\u00e1tica\u201d<\/em>, manifest\u00f3 el Mandatario regional.<\/p>\n<p style=\"text-align: justify;\">Agreg\u00f3 que el decreto 005 tiene muchas desventajas para la pesca artesanal y, a pesar de los m\u00faltiples reclamos realizados, la ley no ha sido cambiada afectando m\u00e1s al pescador. La ley 014 que est\u00e1 a punto de ser publicada tambi\u00e9n tendr\u00e1 sus consecuencias y los pescadores artesanales de Paita, piden que el Gobierno Regional asuma nuevamente algunas funciones que han sido quitadas y migradas al Gobierno Central.<\/p>\n<p style=\"text-align: justify;\">Asimismo, destac\u00f3 la importancia de la coordinaci\u00f3n entre la nueva Junta Directiva de Pescadores con el Gobierno Regional para llegar a buenas proposiciones y avances del sector de la pesca.<\/p>\n<p style=\"text-align: justify;\">Por su parte, Ram\u00f3n Paiva, Presidente de la Asociaci\u00f3n Mutualista de Pescadores Artesanales de Puerto Nuevo \u2013 Paita, mencion\u00f3 que la pesca est\u00e1 en un momento de emergencia, \u201c<em>hay muchos pescadores que est\u00e1n pr\u00e1cticamente en la calle, hemos venido a buscar la iniciativa de nuestras autoridades y caminar de la mano con ellos, para buscar soluciones a la problem\u00e1tica que estamos atravesando\u201d.<\/em><\/p>\n<p style=\"text-align: justify;\"><strong>FUENTE:<\/strong> Diariocorreo.pe<\/p>\n","protected":false},"excerpt":{"rendered":"<p>Ante la dif\u00edcil situaci\u00f3n que atraviesan los pescadores artesanales de la Provincia de Paita, el Gobernador regional, Reynaldo Hilbck, se reuni\u00f3 con la Nueva Junta Directiva 2015 &#8211; 2017 Asociaci\u00f3n Mutualista de Pescadores Artesanales de Puerto Nuevo \u2013 Paita, para analizar las desventajas del decreto 005 y 014. \u201cLa situaci\u00f3n de la pesca es cr\u00edtica, [&hellip;]<\/p>\n","protected":false},"author":2,"featured_media":5580,"comment_status":"open","ping_status":"open","sticky":false,"template":"","format":"standard","meta":{"footnotes":""},"categories":[78,63,67],"tags":[248,862,1057,1352],"class_list":["post-5579","post","type-post","status-publish","format-standard","has-post-thumbnail","hentry","category-nacionales","category-noticias","category-pesqueria","tag-asociacion-mutualista-de-pescadores-artesanales-de-puerto-nuevo-paita","tag-gobierno-regional-analiza-situacion-de-pescadores-artesanales-de-paita","tag-ley-014","tag-pesca"],"_links":{"self":[{"href":"http:\/\/www.perupesquero.org\/web\/wp-json\/wp\/v2\/posts\/5579","targetHints":{"allow":["GET"]}}],"collection":[{"href":"http:\/\/www.perupesquero.org\/web\/wp-json\/wp\/v2\/posts"}],"about":[{"href":"http:\/\/www.perupesquero.org\/web\/wp-json\/wp\/v2\/types\/post"}],"author":[{"embeddable":true,"href":"http:\/\/www.perupesquero.org\/web\/wp-json\/wp\/v2\/users\/2"}],"replies":[{"embeddable":true,"href":"http:\/\/www.perupesquero.org\/web\/wp-json\/wp\/v2\/comments?post=5579"}],"version-history":[{"count":0,"href":"http:\/\/www.perupesquero.org\/web\/wp-json\/wp\/v2\/posts\/5579\/revisions"}],"wp:featuredmedia":[{"embeddable":true,"href":"http:\/\/www.perupesquero.org\/web\/wp-json\/wp\/v2\/media\/5580"}],"wp:attachment":[{"href":"http:\/\/www.perupesquero.org\/web\/wp-json\/wp\/v2\/media?parent=5579"}],"wp:term":[{"taxonomy":"category","embeddable":true,"href":"http:\/\/www.perupesquero.org\/web\/wp-json\/wp\/v2\/categories?post=5579"},{"taxonomy":"post_tag","embeddable":true,"href":"http:\/\/www.perupesquero.org\/web\/wp-json\/wp\/v2\/tags?post=5579"}],"curies":[{"name":"wp","href":"https:\/\/api.w.org\/{rel}","templated":true}]}}