{"id":5573,"date":"2015-08-25T22:43:18","date_gmt":"2015-08-26T03:43:18","guid":{"rendered":"http:\/\/www.perupesquero.org\/?p=5573"},"modified":"2015-08-25T22:43:18","modified_gmt":"2015-08-26T03:43:18","slug":"pescadores-de-chimbote-paro-es-una-mentira-tiene-trasfondo-politico","status":"publish","type":"post","link":"http:\/\/www.perupesquero.org\/web\/pescadores-de-chimbote-paro-es-una-mentira-tiene-trasfondo-politico\/","title":{"rendered":"Pescadores de Chimbote: \u201cParo es una mentira, tiene trasfondo pol\u00edtico\u201d"},"content":{"rendered":"<p>Indignado. Alcides Herrera Inga, Secretario General del Sindicato \u00danico de Motoristas y Oficiales de Maquinas de Pesca del Per\u00fa, SUMOPP, asever\u00f3 p\u00fablicamente que no apoyara el paro pesquero previsto para ma\u00f1ana 26 de agosto.<\/p>\n<p style=\"text-align: justify;\">Su radical cambio sucede, \u00a0luego que el dirigente se inform\u00f3 que detr\u00e1s de tal acci\u00f3n de fuerza se vendr\u00eda orquestando por parte del Frente Nacional de la Pesca, maniobras pro apoyo pol\u00edtico al Ministro de la Producci\u00f3n Piero Ghezzi y no en favor de la actividad artesanal, como en un primer momento se sostuvo.<\/p>\n<p style=\"text-align: justify;\">\u201cRoberto Viera, es mentiroso, nos asegur\u00f3 que el paro ser\u00eda contra la invasi\u00f3n de \u00a0barcos arrastreros chinos y en defensa de los hermanos artesanales que pescan Pota, pero resulta que no es as\u00ed, sino para respaldar la gesti\u00f3n del titular de Produce Ghezzi, por lo que hemos decidido y coordinado con las bases de pescadores del norte y sur, que forman parte del SUMOPP, no apoyar el paro, no nos vamos aprestar para negocios pol\u00edticos y menos empresariales\u201d, indico Herrera Inga.<\/p>\n<p style=\"text-align: justify;\">Finalmente, el dirigente sostuvo, que el SUMOPP en unos d\u00edas estar\u00e1 convocando a toda la masa trabajadora del Mar, a una movilizaci\u00f3n nacional para expulsar de nuestro Mar a la gigantesca flota pirata china y exigir al Estado, no desproteger al pescador artesanal.<\/p>\n","protected":false},"excerpt":{"rendered":"<p>Indignado. Alcides Herrera Inga, Secretario General del Sindicato \u00danico de Motoristas y Oficiales de Maquinas de Pesca del Per\u00fa, SUMOPP, asever\u00f3 p\u00fablicamente que no apoyara el paro pesquero previsto para ma\u00f1ana 26 de agosto. Su radical cambio sucede, \u00a0luego que el dirigente se inform\u00f3 que detr\u00e1s de tal acci\u00f3n de fuerza se vendr\u00eda orquestando por [&hellip;]<\/p>\n","protected":false},"author":2,"featured_media":5574,"comment_status":"open","ping_status":"open","sticky":false,"template":"","format":"standard","meta":{"footnotes":""},"categories":[77,78,63,67,69,72],"tags":[1743],"class_list":["post-5573","post","type-post","status-publish","format-standard","has-post-thumbnail","hentry","category-internacionales","category-nacionales","category-noticias","category-pesqueria","category-politica","category-regionales","tag-sumopp-no-apoya-para-del-26-de-agosto"],"_links":{"self":[{"href":"http:\/\/www.perupesquero.org\/web\/wp-json\/wp\/v2\/posts\/5573","targetHints":{"allow":["GET"]}}],"collection":[{"href":"http:\/\/www.perupesquero.org\/web\/wp-json\/wp\/v2\/posts"}],"about":[{"href":"http:\/\/www.perupesquero.org\/web\/wp-json\/wp\/v2\/types\/post"}],"author":[{"embeddable":true,"href":"http:\/\/www.perupesquero.org\/web\/wp-json\/wp\/v2\/users\/2"}],"replies":[{"embeddable":true,"href":"http:\/\/www.perupesquero.org\/web\/wp-json\/wp\/v2\/comments?post=5573"}],"version-history":[{"count":0,"href":"http:\/\/www.perupesquero.org\/web\/wp-json\/wp\/v2\/posts\/5573\/revisions"}],"wp:featuredmedia":[{"embeddable":true,"href":"http:\/\/www.perupesquero.org\/web\/wp-json\/wp\/v2\/media\/5574"}],"wp:attachment":[{"href":"http:\/\/www.perupesquero.org\/web\/wp-json\/wp\/v2\/media?parent=5573"}],"wp:term":[{"taxonomy":"category","embeddable":true,"href":"http:\/\/www.perupesquero.org\/web\/wp-json\/wp\/v2\/categories?post=5573"},{"taxonomy":"post_tag","embeddable":true,"href":"http:\/\/www.perupesquero.org\/web\/wp-json\/wp\/v2\/tags?post=5573"}],"curies":[{"name":"wp","href":"https:\/\/api.w.org\/{rel}","templated":true}]}}